{"id":2714,"date":"2025-12-17T18:27:44","date_gmt":"2025-12-17T17:27:44","guid":{"rendered":"https:\/\/www.svazdopravy.cz\/?p=2714"},"modified":"2025-12-17T18:27:44","modified_gmt":"2025-12-17T17:27:44","slug":"prezentace-strojirny-sviadnov-predstaveni-clena-svazu-dopravy","status":"publish","type":"post","link":"https:\/\/www.svazdopravy.cz\/en\/2025\/12\/17\/prezentace-strojirny-sviadnov-predstaveni-clena-svazu-dopravy\/","title":{"rendered":"Prezentace Stroj\u00edrny Sviadnov \u2013 p\u0159edstaven\u00ed \u010dlena Svazu dopravy"},"content":{"rendered":"<p><strong>Stroj\u00edrny Sviadnov, a.s.<\/strong> pat\u0159\u00ed mezi v\u00fdznamn\u00e9 \u010desk\u00e9 stroj\u00edrensk\u00e9 podniky se zam\u011b\u0159en\u00edm na v\u00fdrobu a opravy kolejov\u00fdch vozidel, zejm\u00e9na n\u00e1kladn\u00edch \u017eelezni\u010dn\u00edch vagon\u016f a jejich hlavn\u00edch komponent\u016f. Firma m\u00e1 dlouholetou tradici, modern\u00ed v\u00fdrobn\u00ed z\u00e1zem\u00ed a p\u016fsob\u00ed na trz\u00edch v \u010cesk\u00e9 republice i v zahrani\u010d\u00ed. Stroj\u00edrny Sviadnov jsou z\u00e1rove\u0148 <strong>\u010dlenem Svazu dopravy<\/strong>, \u010d\u00edm\u017e se aktivn\u011b pod\u00edlej\u00ed na rozvoji a zastupov\u00e1n\u00ed z\u00e1jm\u016f dopravn\u00edho a \u017eelezni\u010dn\u00edho pr\u016fmyslu.<\/p>\n\n\n<div class=\"wp-block-downloadlist-list\"><ul class=\"downloadlist-list wp-block-downloadlist-list iconset-dashicons\">\n<li class=\"attachment-2715 file_application file_pdf\"><a href=\"https:\/\/www.svazdopravy.cz\/wp-content\/uploads\/2025\/12\/Presentation_StrojirnySviadnov_v.21.pdf\" download rel=\"nofollow\">Presentation_StrojirnySviadnov_v.21<\/a> (13 MB)<\/li>\n<\/ul><\/div>","protected":false},"excerpt":{"rendered":"<p>Stroj\u00edrny Sviadnov, a.s. pat\u0159\u00ed mezi v\u00fdznamn\u00e9 \u010desk\u00e9 stroj\u00edrensk\u00e9 podniky se zam\u011b\u0159en\u00edm na v\u00fdrobu a opravy kolejov\u00fdch vozidel, zejm\u00e9na n\u00e1kladn\u00edch \u017eelezni\u010dn\u00edch vagon\u016f a jejich hlavn\u00edch komponent\u016f. Firma m\u00e1 dlouholetou tradici, modern\u00ed v\u00fdrobn\u00ed z\u00e1zem\u00ed a p\u016fsob\u00ed na trz\u00edch v \u010cesk\u00e9 republice i v zahrani\u010d\u00ed. Stroj\u00edrny Sviadnov jsou z\u00e1rove\u0148 \u010dlenem Svazu dopravy, \u010d\u00edm\u017e se aktivn\u011b pod\u00edlej\u00ed na rozvoji [&hellip;]<\/p>\n","protected":false},"author":4,"featured_media":0,"comment_status":"closed","ping_status":"open","sticky":false,"template":"","format":"standard","meta":{"footnotes":""},"categories":[1],"tags":[],"class_list":["post-2714","post","type-post","status-publish","format-standard","hentry","category-aktuality"],"_links":{"self":[{"href":"https:\/\/www.svazdopravy.cz\/en\/wp-json\/wp\/v2\/posts\/2714","targetHints":{"allow":["GET"]}}],"collection":[{"href":"https:\/\/www.svazdopravy.cz\/en\/wp-json\/wp\/v2\/posts"}],"about":[{"href":"https:\/\/www.svazdopravy.cz\/en\/wp-json\/wp\/v2\/types\/post"}],"author":[{"embeddable":true,"href":"https:\/\/www.svazdopravy.cz\/en\/wp-json\/wp\/v2\/users\/4"}],"replies":[{"embeddable":true,"href":"https:\/\/www.svazdopravy.cz\/en\/wp-json\/wp\/v2\/comments?post=2714"}],"version-history":[{"count":1,"href":"https:\/\/www.svazdopravy.cz\/en\/wp-json\/wp\/v2\/posts\/2714\/revisions"}],"predecessor-version":[{"id":2718,"href":"https:\/\/www.svazdopravy.cz\/en\/wp-json\/wp\/v2\/posts\/2714\/revisions\/2718"}],"wp:attachment":[{"href":"https:\/\/www.svazdopravy.cz\/en\/wp-json\/wp\/v2\/media?parent=2714"}],"wp:term":[{"taxonomy":"category","embeddable":true,"href":"https:\/\/www.svazdopravy.cz\/en\/wp-json\/wp\/v2\/categories?post=2714"},{"taxonomy":"post_tag","embeddable":true,"href":"https:\/\/www.svazdopravy.cz\/en\/wp-json\/wp\/v2\/tags?post=2714"}],"curies":[{"name":"wp","href":"https:\/\/api.w.org\/{rel}","templated":true}]}}