{"id":2704,"date":"2025-12-10T00:35:52","date_gmt":"2025-12-09T23:35:52","guid":{"rendered":"https:\/\/www.svazdopravy.cz\/?p=2704"},"modified":"2025-12-10T00:35:52","modified_gmt":"2025-12-09T23:35:52","slug":"podpis-kolektivnich-smluv-vyssiho-stupne-pro-rok-2026-mezi-odborovym-svazem-pracovniku-dopravy-silnicniho-hospodarstvi-a-autoopravarenstvi-cech-a-moravy-a-svazem-dopravy-ceske-republiky","status":"publish","type":"post","link":"https:\/\/www.svazdopravy.cz\/en\/2025\/12\/10\/podpis-kolektivnich-smluv-vyssiho-stupne-pro-rok-2026-mezi-odborovym-svazem-pracovniku-dopravy-silnicniho-hospodarstvi-a-autoopravarenstvi-cech-a-moravy-a-svazem-dopravy-ceske-republiky\/","title":{"rendered":"Podpis kolektivn\u00edch smluv vy\u0161\u0161\u00edho stupn\u011b pro rok 2026 mezi Odborov\u00fdm svazem pracovn\u00edk\u016f dopravy, silni\u010dn\u00edho hospod\u00e1\u0159stv\u00ed a autooprav\u00e1renstv\u00ed \u010cech a Moravy a Svazem dopravy \u010cesk\u00e9 republiky"},"content":{"rendered":"<p>Praha, 9.prosince 2025<\/p>\n\n\n\n<p>Dne 9.12. do\u0161lo k\u00a0uzav\u0159en\u00ed kolektivn\u00edch smluv vy\u0161\u0161\u00edho stupn\u011b pro rok 2026 mezi Odborov\u00fdm svazem pracovn\u00edk\u016f dopravy, silni\u010dn\u00edho hospod\u00e1\u0159stv\u00ed a autooprav\u00e1renstv\u00ed \u010cech a Moravy \u2013 Sekc\u00ed silni\u010dn\u00ed a Svazem dopravy \u010cesk\u00e9 republiky \u2013 Sekc\u00ed silni\u010dn\u00ed jak pro obchodn\u00ed spole\u010dnosti, tak pro p\u0159\u00edsp\u011bvkov\u00e9 organizace.<\/p>\n\n\n\n<figure class=\"wp-block-image size-large\"><img fetchpriority=\"high\" decoding=\"async\" width=\"768\" height=\"1024\" src=\"https:\/\/www.svazdopravy.cz\/wp-content\/uploads\/2025\/12\/20251209_132117-768x1024.jpg\" alt=\"\" class=\"wp-image-2705\" srcset=\"https:\/\/www.svazdopravy.cz\/wp-content\/uploads\/2025\/12\/20251209_132117-768x1024.jpg 768w, https:\/\/www.svazdopravy.cz\/wp-content\/uploads\/2025\/12\/20251209_132117-225x300.jpg 225w, https:\/\/www.svazdopravy.cz\/wp-content\/uploads\/2025\/12\/20251209_132117-1152x1536.jpg 1152w, https:\/\/www.svazdopravy.cz\/wp-content\/uploads\/2025\/12\/20251209_132117-1536x2048.jpg 1536w, https:\/\/www.svazdopravy.cz\/wp-content\/uploads\/2025\/12\/20251209_132117-9x12.jpg 9w, https:\/\/www.svazdopravy.cz\/wp-content\/uploads\/2025\/12\/20251209_132117-18x24.jpg 18w, https:\/\/www.svazdopravy.cz\/wp-content\/uploads\/2025\/12\/20251209_132117-scaled.jpg 1920w\" sizes=\"(max-width: 768px) 100vw, 768px\" \/><\/figure>","protected":false},"excerpt":{"rendered":"<p>Praha, 9.prosince 2025 Dne 9.12. do\u0161lo k\u00a0uzav\u0159en\u00ed kolektivn\u00edch smluv vy\u0161\u0161\u00edho stupn\u011b pro rok 2026 mezi Odborov\u00fdm svazem pracovn\u00edk\u016f dopravy, silni\u010dn\u00edho hospod\u00e1\u0159stv\u00ed a autooprav\u00e1renstv\u00ed \u010cech a Moravy \u2013 Sekc\u00ed silni\u010dn\u00ed a Svazem dopravy \u010cesk\u00e9 republiky \u2013 Sekc\u00ed silni\u010dn\u00ed jak pro obchodn\u00ed spole\u010dnosti, tak pro p\u0159\u00edsp\u011bvkov\u00e9 organizace.<\/p>","protected":false},"author":4,"featured_media":0,"comment_status":"closed","ping_status":"open","sticky":false,"template":"","format":"standard","meta":{"footnotes":""},"categories":[1],"tags":[],"class_list":["post-2704","post","type-post","status-publish","format-standard","hentry","category-aktuality"],"_links":{"self":[{"href":"https:\/\/www.svazdopravy.cz\/en\/wp-json\/wp\/v2\/posts\/2704","targetHints":{"allow":["GET"]}}],"collection":[{"href":"https:\/\/www.svazdopravy.cz\/en\/wp-json\/wp\/v2\/posts"}],"about":[{"href":"https:\/\/www.svazdopravy.cz\/en\/wp-json\/wp\/v2\/types\/post"}],"author":[{"embeddable":true,"href":"https:\/\/www.svazdopravy.cz\/en\/wp-json\/wp\/v2\/users\/4"}],"replies":[{"embeddable":true,"href":"https:\/\/www.svazdopravy.cz\/en\/wp-json\/wp\/v2\/comments?post=2704"}],"version-history":[{"count":1,"href":"https:\/\/www.svazdopravy.cz\/en\/wp-json\/wp\/v2\/posts\/2704\/revisions"}],"predecessor-version":[{"id":2706,"href":"https:\/\/www.svazdopravy.cz\/en\/wp-json\/wp\/v2\/posts\/2704\/revisions\/2706"}],"wp:attachment":[{"href":"https:\/\/www.svazdopravy.cz\/en\/wp-json\/wp\/v2\/media?parent=2704"}],"wp:term":[{"taxonomy":"category","embeddable":true,"href":"https:\/\/www.svazdopravy.cz\/en\/wp-json\/wp\/v2\/categories?post=2704"},{"taxonomy":"post_tag","embeddable":true,"href":"https:\/\/www.svazdopravy.cz\/en\/wp-json\/wp\/v2\/tags?post=2704"}],"curies":[{"name":"wp","href":"https:\/\/api.w.org\/{rel}","templated":true}]}}