{"id":2691,"date":"2025-11-19T10:53:58","date_gmt":"2025-11-19T09:53:58","guid":{"rendered":"https:\/\/www.svazdopravy.cz\/?p=2691"},"modified":"2025-11-19T10:53:58","modified_gmt":"2025-11-19T09:53:58","slug":"ceske-drahy-jsou-uz-po-osme-za-sebou-nejduveryhodnejsi-znackou-mezi-poskytovateli-dopravnich-sluzeb","status":"publish","type":"post","link":"https:\/\/www.svazdopravy.cz\/en\/2025\/11\/19\/ceske-drahy-jsou-uz-po-osme-za-sebou-nejduveryhodnejsi-znackou-mezi-poskytovateli-dopravnich-sluzeb\/","title":{"rendered":"\u010cesk\u00e9 dr\u00e1hy jsou u\u017e po osm\u00e9 za sebou Nejd\u016fv\u011bryhodn\u011bj\u0161\u00ed zna\u010dkou mezi poskytovateli dopravn\u00edch slu\u017eeb"},"content":{"rendered":"<p>Praha, 14. listopadu 2025<\/p>\n\n\n\n<p><strong>\u010cesk\u00e9 dr\u00e1hy po roce znovu usp\u011bly a zv\u00edt\u011bzily v anket\u011b Nejd\u016fv\u011bryhodn\u011bj\u0161\u00ed zna\u010dka 2025, a to v kategorii Poskytovatel dopravn\u00edch slu\u017eeb. Nejv\u011bt\u0161\u00ed \u010desk\u00fd \u017eelezni\u010dn\u00ed dopravce tak obh\u00e1jil sv\u00e9 lo\u0148sk\u00e9 v\u00edt\u011bzstv\u00ed a celkov\u011b u\u017e si p\u0159ipsal osm\u00e9 prvenstv\u00ed v\u00a0t\u00e9to anket\u011b v\u00a0\u0159ad\u011b. \u010cD tak zv\u00edt\u011bzily zat\u00edm v ka\u017ed\u00e9m ro\u010dn\u00edku od roku 2018, kdy byla dopravn\u00ed kategorie mezi nejd\u016fv\u011bryhodn\u011bj\u0161\u00ed zna\u010dky za\u0159azena.<\/strong><\/p>\n\n\n\n<p>V leto\u0161n\u00edm ro\u010dn\u00edku presti\u017en\u00ed ankety, kterou ka\u017edoro\u010dn\u011b organizuje spole\u010dnost Atoz Marketing Services, hlasovalo p\u0159es 4 tis\u00edce \u010desk\u00fdch spot\u0159ebitel\u016f. Ti vyb\u00edrali z t\u00e9m\u011b\u0159 900 zna\u010dek v 92 kategori\u00edch, p\u0159i\u010dem\u017e nominace prob\u00edhaly automaticky na z\u00e1klad\u011b re\u00e1ln\u00e9ho objemu prodej\u016f a rozsahu poskytovan\u00fdch slu\u017eeb. Ocen\u011bn\u00ed tak reflektuje skute\u010dnou d\u016fv\u011bru z\u00e1kazn\u00edk\u016f, nikoli jen vn\u00edm\u00e1n\u00ed zna\u010dky v m\u00e9di\u00edch.<\/p>\n\n\n\n<p><strong><em>\u201eOcen\u011bn\u00ed beru hlavn\u011b jako zpr\u00e1vu od na\u0161ich cestuj\u00edc\u00edch, \u017ee zm\u011bny, do kter\u00fdch jsme se pustili, d\u00e1vaj\u00ed smysl. Je to tak\u00e9 skv\u011bl\u00e1 zpr\u00e1va pro v\u0161echny, kte\u0159\u00ed d\u011blaj\u00ed \u010cesk\u00e9 dr\u00e1hy t\u00edm, \u010d\u00edm jsou. D\u016fv\u011bra se ned\u00e1 koupit, mus\u00ed se z\u00edskat a udr\u017eet. Ka\u017ed\u00fd den na tom pracuj\u00ed tis\u00edce lid\u00ed nap\u0159\u00ed\u010d firmou od strojvedouc\u00edch, vlakov\u00e9ho person\u00e1lu a pokladn\u00edch, p\u0159es kolegy na dispe\u010dinku a v d\u00edln\u00e1ch, a\u017e po kolegy z kancel\u00e1\u0159\u00ed. D\u011bkuji jim v\u0161em, proto\u017ee je to hlavn\u011b jejich ocen\u011bn\u00ed,\u201c<\/em><\/strong> \u0159\u00edk\u00e1 <strong>Michal Krapinec<\/strong><strong>,<\/strong> p\u0159edseda p\u0159edstavenstva a gener\u00e1ln\u00ed \u0159editel \u010cesk\u00fdch drah.<\/p>\n\n\n\n<p>Uplynul\u00fd rok byl pro \u010cesk\u00e9 dr\u00e1hy mimo\u0159\u00e1dn\u011b intenzivn\u00ed. Dopravce pokra\u010doval v investic\u00edch do nov\u00fdch vlak\u016f a&nbsp;modernizace flotily, do provozu nasadil v\u00edce ne\u017e 140 nov\u00fdch jednotek a do obnovy vozov\u00e9ho parku investoval t\u00e9m\u011b\u0159 19 miliard korun \u2013 historicky jeden z nejvy\u0161\u0161\u00edch objem\u016f. Zlep\u0161uje se tak\u00e9 z\u00e1zem\u00ed pro \u00fadr\u017ebu, digit\u00e1ln\u00ed slu\u017eby i celkov\u00fd komfort cestuj\u00edc\u00edch, a\u0165 u\u017e jde o p\u0159ehledn\u011bj\u0161\u00ed mobiln\u00ed aplikaci, mo\u017enost n\u00e1kupu online, nebo modern\u00ed informa\u010dn\u00ed syst\u00e9my ve vlac\u00edch.<\/p>\n\n\n\n<p><strong><em>\u201eKa\u017ed\u00fd nov\u00fd vlak, ka\u017ed\u00e1 lep\u0161\u00ed slu\u017eba nebo zlep\u0161en\u00ed v na\u0161\u00ed aplikaci M\u016fj vlak m\u00e1 spole\u010dn\u00fd c\u00edl. Chceme b\u00fdt p\u0159irozenou prvn\u00ed volbou pro ka\u017ed\u00e9ho, kdo cestuje po \u010cesku,\u201c<\/em><\/strong> dopl\u0148uje <strong>Michal Krapinec.<\/strong><\/p>\n\n\n\n<figure class=\"wp-block-image size-large\"><img fetchpriority=\"high\" decoding=\"async\" width=\"683\" height=\"1024\" src=\"https:\/\/www.svazdopravy.cz\/wp-content\/uploads\/2025\/11\/CENA1-2-683x1024.png\" alt=\"\" class=\"wp-image-2692\" srcset=\"https:\/\/www.svazdopravy.cz\/wp-content\/uploads\/2025\/11\/CENA1-2-683x1024.png 683w, https:\/\/www.svazdopravy.cz\/wp-content\/uploads\/2025\/11\/CENA1-2-200x300.png 200w, https:\/\/www.svazdopravy.cz\/wp-content\/uploads\/2025\/11\/CENA1-2-768x1152.png 768w, https:\/\/www.svazdopravy.cz\/wp-content\/uploads\/2025\/11\/CENA1-2-8x12.png 8w, https:\/\/www.svazdopravy.cz\/wp-content\/uploads\/2025\/11\/CENA1-2-16x24.png 16w, https:\/\/www.svazdopravy.cz\/wp-content\/uploads\/2025\/11\/CENA1-2.png 1000w\" sizes=\"(max-width: 683px) 100vw, 683px\" \/><\/figure>","protected":false},"excerpt":{"rendered":"<p>Praha, 14. listopadu 2025 \u010cesk\u00e9 dr\u00e1hy po roce znovu usp\u011bly a zv\u00edt\u011bzily v anket\u011b Nejd\u016fv\u011bryhodn\u011bj\u0161\u00ed zna\u010dka 2025, a to v kategorii Poskytovatel dopravn\u00edch slu\u017eeb. Nejv\u011bt\u0161\u00ed \u010desk\u00fd \u017eelezni\u010dn\u00ed dopravce tak obh\u00e1jil sv\u00e9 lo\u0148sk\u00e9 v\u00edt\u011bzstv\u00ed a celkov\u011b u\u017e si p\u0159ipsal osm\u00e9 prvenstv\u00ed v\u00a0t\u00e9to anket\u011b v\u00a0\u0159ad\u011b. \u010cD tak zv\u00edt\u011bzily zat\u00edm v ka\u017ed\u00e9m ro\u010dn\u00edku od roku 2018, kdy byla [&hellip;]<\/p>\n","protected":false},"author":4,"featured_media":0,"comment_status":"closed","ping_status":"open","sticky":false,"template":"","format":"standard","meta":{"footnotes":""},"categories":[1],"tags":[],"class_list":["post-2691","post","type-post","status-publish","format-standard","hentry","category-aktuality"],"_links":{"self":[{"href":"https:\/\/www.svazdopravy.cz\/en\/wp-json\/wp\/v2\/posts\/2691","targetHints":{"allow":["GET"]}}],"collection":[{"href":"https:\/\/www.svazdopravy.cz\/en\/wp-json\/wp\/v2\/posts"}],"about":[{"href":"https:\/\/www.svazdopravy.cz\/en\/wp-json\/wp\/v2\/types\/post"}],"author":[{"embeddable":true,"href":"https:\/\/www.svazdopravy.cz\/en\/wp-json\/wp\/v2\/users\/4"}],"replies":[{"embeddable":true,"href":"https:\/\/www.svazdopravy.cz\/en\/wp-json\/wp\/v2\/comments?post=2691"}],"version-history":[{"count":1,"href":"https:\/\/www.svazdopravy.cz\/en\/wp-json\/wp\/v2\/posts\/2691\/revisions"}],"predecessor-version":[{"id":2693,"href":"https:\/\/www.svazdopravy.cz\/en\/wp-json\/wp\/v2\/posts\/2691\/revisions\/2693"}],"wp:attachment":[{"href":"https:\/\/www.svazdopravy.cz\/en\/wp-json\/wp\/v2\/media?parent=2691"}],"wp:term":[{"taxonomy":"category","embeddable":true,"href":"https:\/\/www.svazdopravy.cz\/en\/wp-json\/wp\/v2\/categories?post=2691"},{"taxonomy":"post_tag","embeddable":true,"href":"https:\/\/www.svazdopravy.cz\/en\/wp-json\/wp\/v2\/tags?post=2691"}],"curies":[{"name":"wp","href":"https:\/\/api.w.org\/{rel}","templated":true}]}}