{"id":2571,"date":"2025-10-22T00:04:52","date_gmt":"2025-10-21T22:04:52","guid":{"rendered":"https:\/\/www.svazdopravy.cz\/?p=2571"},"modified":"2025-10-22T00:04:52","modified_gmt":"2025-10-21T22:04:52","slug":"tz-cd-nejmodernejsi-comfortjety-zacinaji-jezdit-do-rakouska","status":"publish","type":"post","link":"https:\/\/www.svazdopravy.cz\/en\/2025\/10\/22\/tz-cd-nejmodernejsi-comfortjety-zacinaji-jezdit-do-rakouska\/","title":{"rendered":"TZ \u010cD: Nejmodern\u011bj\u0161\u00ed ComfortJety za\u010d\u00ednaj\u00ed jezdit do Rakouska"},"content":{"rendered":"<p><strong>\u010cesk\u00e9 dr\u00e1hy za\u010daly ve spolupr\u00e1ci s rakousk\u00fdm dopravcem \u00d6BB nasazovat nejmodern\u011bj\u0161\u00ed soupravy pro d\u00e1lkovou dopravu ComfortJet na vlaky <em>Vindobona<\/em> na&nbsp;trati Praha \u2013 V\u00edde\u0148 \u2013 Graz. ComfortJety budou od 20. \u0159\u00edjna jezdit ka\u017ed\u00fd den na vlac\u00edch rj&nbsp;73 a rj 370. Od nov\u00e9ho j\u00edzdn\u00edho \u0159\u00e1du v polovin\u011b prosince pak ComfortJety zajist\u00ed pohodln\u00e9 a rychl\u00e9 spojen\u00ed z Prahy a\u017e do korutansk\u00e9ho Klagenfurtu a Villachu.<\/strong><\/p>\n\n\n\n<p>Prvn\u00edm spojem do Rakouska, kde dr\u00e1hy nasadily soupravu ComfortJet, byl dne\u0161n\u00ed spoj rj 73 <em>Vindobona<\/em> s&nbsp;odjezdem z pra\u017esk\u00e9ho hlavn\u00edho n\u00e1dra\u017e\u00ed v 6:42. Zp\u011bt do \u010ceska jede ComfortJet na vlaku rj 370 <em>Vindobona,<\/em> kter\u00fd odj\u00ed\u017ed\u00ed z Grazu v 14:26, z&nbsp;V\u00eddn\u011b v&nbsp;17:10 a do Prahy p\u0159ij\u00ed\u017ed\u00ed ve 21:15.<\/p>\n\n\n\n<p><strong><em>\u201eVlakov\u00e9 spojen\u00ed \u010desk\u00e9 a rakousk\u00e9 metropole p\u0159edstavuje jednu z hlavn\u00edch mezin\u00e1rodn\u00edch linek \u010cesk\u00fdch drah, kter\u00e1 se mezi cestuj\u00edc\u00edmi t\u011b\u0161\u00ed velk\u00e9 oblib\u011b. Od zaveden\u00ed komfortn\u00edch vlak\u016f Railjet v roce 2014 se po\u010det cestuj\u00edc\u00edch mezi V\u00eddn\u00ed a Prahou zv\u00fd\u0161il o 40 procent. Dnes startujeme dal\u0161\u00ed etapu tohoto spojen\u00ed. Nov\u00e9 vlaky ComfortJet nab\u00edzej\u00ed o v\u00edce jak sto m\u00edst vy\u0161\u0161\u00ed kapacitu a bezkonkuren\u010dn\u00ed pohodl\u00ed a slu\u017eby na palub\u011b pro v\u0161echny cestuj\u00edc\u00ed,\u201c<\/em><\/strong> uv\u00e1d\u00ed <strong>Michal Krapinec<\/strong><strong>,<\/strong> p\u0159edseda p\u0159edstavenstva a gener\u00e1ln\u00ed \u0159editel \u010cesk\u00fdch drah.<\/p>\n\n\n\n<p>Od 14. prosince 2025 za\u010dnou ComfortJety jezdit nov\u011b t\u0159ikr\u00e1t denn\u011b na trase Praha \u2013 Brno \u2013 V\u00edde\u0148 \u2013 Graz \u2013 Klagenfurt \u2013 Villach a zp\u011bt. Z&nbsp;pra\u017esk\u00e9ho hlavn\u00edho n\u00e1dra\u017e\u00ed budou vlaky odj\u00ed\u017ed\u011bt ka\u017ed\u00fd den cca v 6:37, 10:37 a&nbsp;14:37 a cesta bude trvat p\u0159ibli\u017en\u011b 8 hodin. Spoje <em>Vindobona<\/em> do Villachu budou pat\u0159it k nejrychlej\u0161\u00edm vlak\u016fm \u010cesk\u00fdch drah a p\u016fjde o prvn\u00ed skute\u010dn\u00e9 \u010desk\u00e9 rychlovlaky. Na nov\u00e9 vysokorychlostn\u00ed trati Koralmbahn budou na\u0161e ComfortJety jezdit rychlost\u00ed 230 km\/h a proj\u00ed\u017ed\u011bt tak\u00e9 33 kilometr\u016f dlouh\u00fdm Koralmsk\u00fdm tunelem (Koralmtunnel), \u010dtvrt\u00fdm nejdel\u0161\u00edm \u017eelezni\u010dn\u00edm tunelem v&nbsp;Evrop\u011b.<\/p>\n\n\n\n<p><strong>ComfortJet \u2013 nejlep\u0161\u00ed volba, a\u0165 jedete kamkoliv<\/strong><\/p>\n\n\n\n<p>\u010cesk\u00e9 dr\u00e1hy po\u010d\u00edtaj\u00ed s&nbsp;ComfortJety jako s&nbsp;hlavn\u00edmi vlaky pro d\u00e1lkovou mezist\u00e1tn\u00ed dopravu v&nbsp;n\u00e1sleduj\u00edc\u00edch letech. Krom\u011b Rakouska se s&nbsp;nimi nyn\u00ed cestuj\u00edc\u00ed svezou i do Berl\u00edna, jezdit budou tak\u00e9 do&nbsp;Bratislavy a do Budape\u0161ti. Od kv\u011btna 2026 pak budou zaji\u0161\u0165ovat tak\u00e9 provoz nov\u00e9 unik\u00e1tn\u00ed p\u0159\u00edm\u00e9 linky Praha \u2013 Koda\u0148.<\/p>\n\n\n\n<p>\u010cesk\u00e9 dr\u00e1hy maj\u00ed u konsorcia Siemens \u2013 \u0160koda aktu\u00e1ln\u011b objedn\u00e1no dod\u00e1n\u00ed celkem dvaceti netrak\u010dn\u00edch jednotek ozna\u010den\u00fdch obchodn\u00edm n\u00e1zvem ComfortJet. Do konce roku bude ve flotile n\u00e1rodn\u00edho dopravce celkem 15 dev\u00edtivozov\u00fdch souprav, zbyl\u00fdch 5 by m\u011blo b\u00fdt dod\u00e1no v&nbsp;pr\u016fb\u011bhu jara roku 2026. Fin\u00e1ln\u00ed souprava ComfortJet m\u00e1 dev\u011bt voz\u016f a nab\u00edz\u00ed 555 m\u00edst k&nbsp;sezen\u00ed, z&nbsp;toho 99 je v&nbsp;1. t\u0159\u00edd\u011b. Dal\u0161\u00edch 18 m\u00edst se nach\u00e1z\u00ed v&nbsp;restaura\u010dn\u00edm voze. Vlak je dlouh\u00fd zhruba 237 metr\u016f a je ur\u010den pro maxim\u00e1ln\u00ed rychlost 230 km\/h.<\/p>\n\n\n\n<p>Cestuj\u00edc\u00ed najdou na palub\u011b nejmodern\u011bj\u0161\u00edho \u010desk\u00e9ho vlaku v\u0161echny slu\u017eby 21. stolet\u00ed spojen\u00e9 s&nbsp;cestov\u00e1n\u00edm na \u017eeleznici, jako jsou nap\u0159. klimatizovan\u00e9 interi\u00e9ry, restaura\u010dn\u00ed v\u016fz, m\u00edsta pro cestuj\u00edc\u00ed na voz\u00edku a rodiny s&nbsp;d\u011btmi, m\u00edsta pro ko\u010d\u00e1rky, j\u00edzdn\u00ed kola a velk\u00e1 zavazadla, palubn\u00ed Wi-Fi s\u00ed\u0165, speci\u00e1ln\u00ed okna umo\u017e\u0148uj\u00edc\u00ed snadn\u00fd pr\u016fchod sign\u00e1lu mobiln\u00edch telefon\u016f, elektrick\u00e9 z\u00e1suvky 230 V&nbsp;50 Hz, USB porty pro dob\u00edjen\u00ed cestovn\u00ed elektroniky a mnoho dal\u0161\u00edch v\u00fdhod a slu\u017eeb.<\/p>\n\n\n\n<figure class=\"wp-block-image size-large\"><img fetchpriority=\"high\" decoding=\"async\" width=\"1024\" height=\"629\" src=\"https:\/\/www.svazdopravy.cz\/wp-content\/uploads\/2025\/10\/CFJ_Viden-11-1024x629.jpg\" alt=\"\" class=\"wp-image-2572\" srcset=\"https:\/\/www.svazdopravy.cz\/wp-content\/uploads\/2025\/10\/CFJ_Viden-11-1024x629.jpg 1024w, https:\/\/www.svazdopravy.cz\/wp-content\/uploads\/2025\/10\/CFJ_Viden-11-300x184.jpg 300w, https:\/\/www.svazdopravy.cz\/wp-content\/uploads\/2025\/10\/CFJ_Viden-11-768x472.jpg 768w, https:\/\/www.svazdopravy.cz\/wp-content\/uploads\/2025\/10\/CFJ_Viden-11-1536x943.jpg 1536w, https:\/\/www.svazdopravy.cz\/wp-content\/uploads\/2025\/10\/CFJ_Viden-11-2048x1257.jpg 2048w, https:\/\/www.svazdopravy.cz\/wp-content\/uploads\/2025\/10\/CFJ_Viden-11-18x12.jpg 18w, https:\/\/www.svazdopravy.cz\/wp-content\/uploads\/2025\/10\/CFJ_Viden-11-24x15.jpg 24w\" sizes=\"(max-width: 1024px) 100vw, 1024px\" \/><\/figure>","protected":false},"excerpt":{"rendered":"<p>\u010cesk\u00e9 dr\u00e1hy za\u010daly ve spolupr\u00e1ci s rakousk\u00fdm dopravcem \u00d6BB nasazovat nejmodern\u011bj\u0161\u00ed soupravy pro d\u00e1lkovou dopravu ComfortJet na vlaky Vindobona na&nbsp;trati Praha \u2013 V\u00edde\u0148 \u2013 Graz. ComfortJety budou od 20. \u0159\u00edjna jezdit ka\u017ed\u00fd den na vlac\u00edch rj&nbsp;73 a rj 370. Od nov\u00e9ho j\u00edzdn\u00edho \u0159\u00e1du v polovin\u011b prosince pak ComfortJety zajist\u00ed pohodln\u00e9 a rychl\u00e9 spojen\u00ed z Prahy [&hellip;]<\/p>\n","protected":false},"author":4,"featured_media":0,"comment_status":"closed","ping_status":"open","sticky":false,"template":"","format":"standard","meta":{"footnotes":""},"categories":[1],"tags":[],"class_list":["post-2571","post","type-post","status-publish","format-standard","hentry","category-aktuality"],"_links":{"self":[{"href":"https:\/\/www.svazdopravy.cz\/en\/wp-json\/wp\/v2\/posts\/2571","targetHints":{"allow":["GET"]}}],"collection":[{"href":"https:\/\/www.svazdopravy.cz\/en\/wp-json\/wp\/v2\/posts"}],"about":[{"href":"https:\/\/www.svazdopravy.cz\/en\/wp-json\/wp\/v2\/types\/post"}],"author":[{"embeddable":true,"href":"https:\/\/www.svazdopravy.cz\/en\/wp-json\/wp\/v2\/users\/4"}],"replies":[{"embeddable":true,"href":"https:\/\/www.svazdopravy.cz\/en\/wp-json\/wp\/v2\/comments?post=2571"}],"version-history":[{"count":1,"href":"https:\/\/www.svazdopravy.cz\/en\/wp-json\/wp\/v2\/posts\/2571\/revisions"}],"predecessor-version":[{"id":2573,"href":"https:\/\/www.svazdopravy.cz\/en\/wp-json\/wp\/v2\/posts\/2571\/revisions\/2573"}],"wp:attachment":[{"href":"https:\/\/www.svazdopravy.cz\/en\/wp-json\/wp\/v2\/media?parent=2571"}],"wp:term":[{"taxonomy":"category","embeddable":true,"href":"https:\/\/www.svazdopravy.cz\/en\/wp-json\/wp\/v2\/categories?post=2571"},{"taxonomy":"post_tag","embeddable":true,"href":"https:\/\/www.svazdopravy.cz\/en\/wp-json\/wp\/v2\/tags?post=2571"}],"curies":[{"name":"wp","href":"https:\/\/api.w.org\/{rel}","templated":true}]}}