{"id":2567,"date":"2025-10-02T10:48:23","date_gmt":"2025-10-02T08:48:23","guid":{"rendered":"https:\/\/www.svazdopravy.cz\/?p=2567"},"modified":"2025-10-02T10:48:23","modified_gmt":"2025-10-02T08:48:23","slug":"v-cd-muzeu-v-luzne-u-rakovnika-se-uskutecni-unikatni-setkani-vezovych-lokomotiv","status":"publish","type":"post","link":"https:\/\/www.svazdopravy.cz\/en\/2025\/10\/02\/v-cd-muzeu-v-luzne-u-rakovnika-se-uskutecni-unikatni-setkani-vezovych-lokomotiv\/","title":{"rendered":"V\u00a0\u010cD Muzeu v\u00a0Lu\u017en\u00e9 u Rakovn\u00edka se uskute\u010dn\u00ed unik\u00e1tn\u00ed setk\u00e1n\u00ed v\u011b\u017eov\u00fdch lokomotiv"},"content":{"rendered":"<p><strong>O&nbsp;v\u00edkendu 4. a 5. \u0159\u00edjna se v&nbsp;\u010cD muzeu v&nbsp;Lu\u017en\u00e9 u Rakovn\u00edka uskute\u010dn\u00ed premi\u00e9rov\u00e9 setk\u00e1n\u00ed v\u011b\u017eov\u00fdch lokomotiv. T\u011b\u0161it se m\u016f\u017eete na zn\u00e1m\u00e9 lokomotivy z&nbsp;tuzemsk\u00fdch sb\u00edrek i na unik\u00e1tn\u00ed lokomotivy ze Slovenska nebo N\u011bmecka. Po oba dny pojede do Lu\u017en\u00e9 zvl\u00e1\u0161tn\u00ed vlak z Prahy a tak\u00e9 se uskute\u010dn\u00ed zvl\u00e1\u0161tn\u00ed j\u00edzdy z Lu\u017en\u00e9 do \u0158evni\u010dova, Rakovn\u00edka a Kole\u0161ovic.<\/strong><\/p>\n\n\n\n<p><strong><em>\u201eP\u0159ehl\u00eddka bude obsahovat jak legend\u00e1rn\u00ed Rosni\u010dky, Karkulky, Pil\u0161tyky, tak i \u201eraku\u0161anku\u201c \u2013 ozubnicovou lokomotivu \u0159ady T 426.0, nebo nap\u0159\u00edklad z\u00e1stupce legend\u00e1rn\u00edch v\u00fdchodon\u011bmeck\u00fdch \u0159ad V&nbsp;60 a V&nbsp;100. P\u0159\u00edmo v&nbsp;muzeu se budou konat komentovan\u00e9 p\u0159ehl\u00eddky lokomotiv na to\u010dn\u011b i fotografov\u00e1n\u00ed,\u201c<\/em><\/strong> \u0159\u00edk\u00e1 <strong>Marek Ploch\u00fd<\/strong>, \u0159editel Centra historick\u00fdch vozidel \u010cesk\u00fdch drah.<\/p>\n\n\n\n<p>Akce se z\u00fa\u010dastn\u00ed tyto lokomotivy:<\/p>\n\n\n\n<ul class=\"wp-block-list\">\n<li>T 334.090 (\u010cD),<\/li>\n\n\n\n<li>710.682 (PARI CZ),<\/li>\n\n\n\n<li>T 334.0866 (Kolej-klub),<\/li>\n\n\n\n<li>T 334.0869 (Pos\u00e1zavsk\u00fd Pacifik),<\/li>\n\n\n\n<li>T 426.003 (Zuba\u010dka),<\/li>\n\n\n\n<li>T 444.030 (\u010cD),<\/li>\n\n\n\n<li>T 444.0255 (ZM\u017d),<\/li>\n\n\n\n<li>T 444.162 (\u010cD),<\/li>\n\n\n\n<li>T 444.1532 (Hrbat\u00e1 M\u00e1\u0148a),<\/li>\n\n\n\n<li>T 466.0254 (K\u017dHV Poprad),<\/li>\n\n\n\n<li>T 466.0286 (\u010cD),<\/li>\n\n\n\n<li>T 466.0502 (IVK),<\/li>\n\n\n\n<li>730.624 (KDS),<\/li>\n\n\n\n<li>DR 112.481 (MaS Bahnconsult),<\/li>\n\n\n\n<li>DR 346.738 (IG Bw Dresden-Altstadt).<\/li>\n<\/ul>\n\n\n\n<p>Sou\u010d\u00e1st\u00ed doprovodn\u00e9ho programu p\u0159\u00edmo v&nbsp;are\u00e1lu muzea v&nbsp;Lu\u017en\u00e9 u Rakovn\u00edka budou i j\u00edzdy \u00fazkorozchodn\u00e9 parn\u00ed ma\u0161inky, provoz modelov\u00e9ho koleji\u0161t\u011b nebo komentovan\u00e9 prohl\u00eddky muzea a vystaven\u00fdch stroj\u016f.<\/p>\n\n\n\n<p><strong>Z&nbsp;Prahy do Lu\u017en\u00e9 historick\u00fdm vlakem s&nbsp;j\u00eddeln\u00edm vozem<\/strong><\/p>\n\n\n\n<p>V sobotu 4. i v ned\u011bli 5. \u0159\u00edjna se do Lu\u017en\u00e9 u Rakovn\u00edka m\u016f\u017eete sv\u00e9zt zvl\u00e1\u0161tn\u00edm vlakem, kter\u00fd odj\u00ed\u017ed\u00ed z pra\u017esk\u00e9ho sm\u00edchovsk\u00e9ho n\u00e1dra\u017e\u00ed v\u017edy v 9:22 hod. Na zp\u00e1te\u010dn\u00ed j\u00edzdu z Lu\u017en\u00e9 se tento vlak vyd\u00e1 v 15:00 hod. Ve vlaku bude i odd\u00edl vhodn\u00fd pro p\u0159epravu d\u011btsk\u00fdch ko\u010d\u00e1rk\u016f. Sou\u010d\u00e1st\u00ed soupravy bude nav\u00edc stylov\u00fd j\u00eddeln\u00ed v\u016fz WR ze 70. let, v jeho\u017e nab\u00eddce nebudou chyb\u011bt p\u00e1rky&nbsp;od Dolej\u0161\u00edch, gul\u00e1\u0161ov\u00e1 pol\u00e9vka, ku\u0159ec\u00ed \u0159\u00edzek s bramborov\u00fdm sal\u00e1tem, pro vegany pak nap\u0159\u00edklad sendvi\u010de s pe\u010denou zeleninou&nbsp;\u010di&nbsp;sal\u00e1t z bulguru a \u010do\u010dky se zeleninou.<\/p>\n\n\n\n<p>Po oba v\u00edkendov\u00e9 dny se budou nav\u00edc konat tak\u00e9 v\u00fdletn\u00ed j\u00edzdy z Lu\u017en\u00e9 do \u0158evni\u010dova \u010di Rakovn\u00edka a chyb\u011bt nebude ani dopoledn\u00ed j\u00edzda z&nbsp;Lu\u017en\u00e9 do Krup\u00e9 \u010di poledn\u00ed j\u00edzda z Lu\u017en\u00e9 p\u0159es Krupou do Kole\u0161ovic.<\/p>\n\n\n\n<p>Do \u017eelezni\u010dn\u00edho muzea v&nbsp;Lu\u017en\u00e9 u Rakovn\u00edka se n\u00e1v\u0161t\u011bvn\u00edci nejl\u00e9pe dostanou jak jinak ne\u017e vlakem. Od&nbsp;n\u00e1dra\u017e\u00ed v&nbsp;Lu\u017en\u00e9 u Rakovn\u00edka je to k \u010cD Muzeu jen p\u00e1r krok\u016f. P\u0159ed n\u00e1dra\u017e\u00edm se dejte vlevo ulic\u00ed 9. kv\u011btna a pak u\u017e v\u00e1s k&nbsp;muzeu nasm\u011bruj\u00ed ukazatel\u00e9.<\/p>\n\n\n\n<h3 class=\"wp-block-heading\"><strong>Vstupenky do \u010cD Muzea v Lu\u017en\u00e9 u Rakovn\u00edka na tuto akci koup\u00edte <\/strong><a href=\"https:\/\/www.cd.cz\/e-shop\/vstupenky.htm#vstupenka-cd-muzeum-vyhlasene-akce\"><strong>v e-shopu \u010cD<\/strong><\/a><strong>. P\u0159edprodej j\u00edzdenek na j\u00edzdy historick\u00fdch vlak\u016f z&nbsp;Prahy do Lu\u017en\u00e9 a zp\u011bt prob\u00edh\u00e1 na <\/strong><a href=\"https:\/\/www.cd.cz\/cs\/e-shop\/nostalgicke-vlaky\/default.htm#historicky-vlak-muzeum\"><strong>e-shopu<\/strong><\/a><strong> a ve v\u0161ech pokladn\u00e1ch \u010cD, stejn\u011b tak na <\/strong><a href=\"https:\/\/www.cd.cz\/cs\/e-shop\/nostalgicke-vlaky\/default.htm#setkani-vezovych-lokomotiv\"><strong>j\u00edzdy po okol\u00ed Lu\u017en\u00e9 u Rakovn\u00edka<\/strong><\/a><strong>.<\/strong><\/h3>\n\n\n\n<p><strong>Podrobnosti o akci jsou k dispozici na port\u00e1lu&nbsp;<\/strong><a href=\"https:\/\/www.cd.cz\/vlakem-na-vylet\/vylet\/praha-luzna-u-rakovnika\/historickym-motorovym-vlakem-do-cd-muzea-v-luzne-u-rakovnika\/18584\"><strong>Vlakem na v\u00fdlet&nbsp;<\/strong><\/a><strong>a na str\u00e1nk\u00e1ch&nbsp;<\/strong><a href=\"\/en\/www.cdnostalgie.cz\/\"><strong>www.cdnostalgie.cz<\/strong><\/a><strong>.<\/strong><\/p>\n\n\n\n<figure class=\"wp-block-image size-large\"><img fetchpriority=\"high\" decoding=\"async\" width=\"724\" height=\"1024\" src=\"https:\/\/www.svazdopravy.cz\/wp-content\/uploads\/2025\/10\/Plakat_vezove_lokomotivy-pdf-724x1024.jpg\" alt=\"\" class=\"wp-image-2568\"\/><\/figure>","protected":false},"excerpt":{"rendered":"<p>O&nbsp;v\u00edkendu 4. a 5. \u0159\u00edjna se v&nbsp;\u010cD muzeu v&nbsp;Lu\u017en\u00e9 u Rakovn\u00edka uskute\u010dn\u00ed premi\u00e9rov\u00e9 setk\u00e1n\u00ed v\u011b\u017eov\u00fdch lokomotiv. T\u011b\u0161it se m\u016f\u017eete na zn\u00e1m\u00e9 lokomotivy z&nbsp;tuzemsk\u00fdch sb\u00edrek i na unik\u00e1tn\u00ed lokomotivy ze Slovenska nebo N\u011bmecka. Po oba dny pojede do Lu\u017en\u00e9 zvl\u00e1\u0161tn\u00ed vlak z Prahy a tak\u00e9 se uskute\u010dn\u00ed zvl\u00e1\u0161tn\u00ed j\u00edzdy z Lu\u017en\u00e9 do \u0158evni\u010dova, Rakovn\u00edka a Kole\u0161ovic. [&hellip;]<\/p>\n","protected":false},"author":4,"featured_media":0,"comment_status":"closed","ping_status":"open","sticky":false,"template":"","format":"standard","meta":{"footnotes":""},"categories":[1],"tags":[],"class_list":["post-2567","post","type-post","status-publish","format-standard","hentry","category-aktuality"],"_links":{"self":[{"href":"https:\/\/www.svazdopravy.cz\/en\/wp-json\/wp\/v2\/posts\/2567","targetHints":{"allow":["GET"]}}],"collection":[{"href":"https:\/\/www.svazdopravy.cz\/en\/wp-json\/wp\/v2\/posts"}],"about":[{"href":"https:\/\/www.svazdopravy.cz\/en\/wp-json\/wp\/v2\/types\/post"}],"author":[{"embeddable":true,"href":"https:\/\/www.svazdopravy.cz\/en\/wp-json\/wp\/v2\/users\/4"}],"replies":[{"embeddable":true,"href":"https:\/\/www.svazdopravy.cz\/en\/wp-json\/wp\/v2\/comments?post=2567"}],"version-history":[{"count":1,"href":"https:\/\/www.svazdopravy.cz\/en\/wp-json\/wp\/v2\/posts\/2567\/revisions"}],"predecessor-version":[{"id":2569,"href":"https:\/\/www.svazdopravy.cz\/en\/wp-json\/wp\/v2\/posts\/2567\/revisions\/2569"}],"wp:attachment":[{"href":"https:\/\/www.svazdopravy.cz\/en\/wp-json\/wp\/v2\/media?parent=2567"}],"wp:term":[{"taxonomy":"category","embeddable":true,"href":"https:\/\/www.svazdopravy.cz\/en\/wp-json\/wp\/v2\/categories?post=2567"},{"taxonomy":"post_tag","embeddable":true,"href":"https:\/\/www.svazdopravy.cz\/en\/wp-json\/wp\/v2\/tags?post=2567"}],"curies":[{"name":"wp","href":"https:\/\/api.w.org\/{rel}","templated":true}]}}