{"id":2552,"date":"2025-09-18T16:25:00","date_gmt":"2025-09-18T14:25:00","guid":{"rendered":"https:\/\/www.svazdopravy.cz\/?p=2552"},"modified":"2025-09-18T16:22:45","modified_gmt":"2025-09-18T14:22:45","slug":"tiskova-zprava-2","status":"publish","type":"post","link":"https:\/\/www.svazdopravy.cz\/en\/2025\/09\/18\/tiskova-zprava-2\/","title":{"rendered":"Tiskov\u00e1 zpr\u00e1va &#8211; Svaz dopravy \u010cR projednal kl\u00ed\u010dov\u00e1 t\u00e9mata v\u010detn\u011b infrastruktury a vzd\u011bl\u00e1v\u00e1n\u00ed v\u00a0technick\u00fdch oborech"},"content":{"rendered":"<figure class=\"wp-block-image size-full is-resized\"><img fetchpriority=\"high\" decoding=\"async\" width=\"687\" height=\"421\" src=\"https:\/\/www.svazdopravy.cz\/wp-content\/uploads\/2025\/09\/logo-SD-2024.png\" alt=\"\" class=\"wp-image-2553\" style=\"width:227px;height:auto\" srcset=\"https:\/\/www.svazdopravy.cz\/wp-content\/uploads\/2025\/09\/logo-SD-2024.png 687w, https:\/\/www.svazdopravy.cz\/wp-content\/uploads\/2025\/09\/logo-SD-2024-300x184.png 300w, https:\/\/www.svazdopravy.cz\/wp-content\/uploads\/2025\/09\/logo-SD-2024-18x12.png 18w, https:\/\/www.svazdopravy.cz\/wp-content\/uploads\/2025\/09\/logo-SD-2024-24x15.png 24w\" sizes=\"(max-width: 687px) 100vw, 687px\" \/><\/figure>\n\n\n\n<p><strong>Praha, 17. z\u00e1\u0159\u00ed 2025<\/strong> \u2013 Na 14. zased\u00e1n\u00ed p\u0159edstavenstva Svazu dopravy \u010cesk\u00e9 republiky, kter\u00e9 se uskute\u010dnilo v prostor\u00e1ch \u010dlena Svazu dopravy Spr\u00e1vy \u017eeleznic v Praze, byla projedn\u00e1na \u0159ada z\u00e1sadn\u00edch t\u00e9mat t\u00fdkaj\u00edc\u00edch se dopravn\u00edho sektoru. Zased\u00e1n\u00ed vedla prezidentka Svazu Romana \u0160auerov\u00e1.<\/p>\n\n\n\n<p><strong>Hlavn\u00ed body jedn\u00e1n\u00ed<\/strong><\/p>\n\n\n\n<ul class=\"wp-block-list\">\n<li><strong>Dopravn\u00ed politika a infrastruktura<\/strong>: Prezidentka informovala o jedn\u00e1n\u00ed s ministrem dopravy Martinem Kupkou a z\u00e1stupci ministerstva. Diskuse se t\u00fdkaly p\u0159edev\u0161\u00edm nelehk\u00e9 situace \u017eelezni\u010dn\u00ed n\u00e1kladn\u00ed dopravy a budouc\u00edho financov\u00e1n\u00ed dopravn\u00ed infrastruktury v\u010detn\u011b silnic II. a III. t\u0159\u00eddy.<\/li>\n\n\n\n<li><strong>Modal shift <\/strong>jako jeden z kl\u00ed\u010dov\u00fdch n\u00e1stroj\u016f pro adaptaci \u017eelezni\u010dn\u00ed n\u00e1kladn\u00ed dopravy<\/li>\n\n\n\n<li><strong>Vzd\u011bl\u00e1v\u00e1n\u00ed a zam\u011bstnanost<\/strong>: P\u0159edstavenstvo ozna\u010dilo oblast vzd\u011bl\u00e1v\u00e1n\u00ed a \u0161kolstv\u00ed za kl\u00ed\u010dov\u00e9 t\u00e9ma, kter\u00e9mu se bude Svaz systematicky v\u011bnovat.<\/li>\n\n\n\n<li><strong>Nekal\u00e1 konkurence a ve\u0159ejn\u00e9 zak\u00e1zky<\/strong>: Svaz se zapojil do mezin\u00e1rodn\u00ed iniciativy BusinessEurope, kter\u00e1 \u0159e\u0161\u00ed zjednodu\u0161en\u00ed pravidel a zv\u00fd\u0161en\u00ed transparentnosti ve ve\u0159ejn\u00fdch zak\u00e1zk\u00e1ch.<\/li>\n\n\n\n<li><strong>Legislativa EU<\/strong>: Projedn\u00e1no stanovisko k n\u00e1vrhu Evropsk\u00e9 komise o elektromobilit\u011b ve firemn\u00edch vozov\u00fdch parc\u00edch. Svaz dopravy podporuje dekarbonizaci dopravy a vyu\u017e\u00edv\u00e1n\u00ed bezemisn\u00edch vozidel tam, kde to d\u00e1v\u00e1 technick\u00fd a ekonomick\u00fd smysl \u2013 zejm\u00e9na u lehk\u00fdch provoz\u016f a v m\u011bstsk\u00e9m prost\u0159ed\u00ed. Povinn\u00e9 plo\u0161n\u00e9 zav\u00e1d\u011bn\u00ed bateriov\u00fdch elektromobil\u016f v\u0161ak pova\u017euje za neprovediteln\u00e9 a pro dopravce i spr\u00e1vce infrastruktury nep\u0159ijateln\u00e9. V mnoha segmentech (t\u011b\u017ek\u00e1 silni\u010dn\u00ed \u00fadr\u017eba, n\u00e1kladn\u00ed doprava, speci\u00e1ln\u00ed technika) bezemisn\u00ed alternativa zat\u00edm neexistuje. Sou\u010dasn\u00e1 koncepce nav\u00edc zvy\u0161uje finan\u010dn\u00ed z\u00e1t\u011b\u017e podnikatel\u016f a ohro\u017euje konkurenceschopnost evropsk\u00fdch dopravc\u016f v\u016f\u010di provozovatel\u016fm ze t\u0159et\u00edch zem\u00ed. Doporu\u010dujeme proto uplatnit technologickou neutralitu, podpo\u0159it v\u00edce variant alternativn\u00edch paliv a umo\u017enit \u010dlensk\u00fdm st\u00e1t\u016fm i podnik\u016fm volbu \u0159e\u0161en\u00ed podle re\u00e1ln\u00fdch podm\u00ednek.<\/li>\n\n\n\n<li>Svaz dopravy kvituje potvrzen\u00ed Ministerstvo dopravy, \u017ee \u017eelezni\u010dn\u00ed a vnitrozemsk\u00e1 vodn\u00ed doprava z\u016fstane mimo syst\u00e9m zpoplatn\u011bn\u00ed EU ETS2.<\/li>\n<\/ul>\n\n\n\n<p><strong>Prezidentka Romana \u0160auerov\u00e1<\/strong> k v\u00fdsledk\u016fm jedn\u00e1n\u00ed uvedla:<br>\u201eChceme, aby Svaz dopravy byl nejen partnerem p\u0159i prosazov\u00e1n\u00ed z\u00e1jm\u016f dopravn\u00edch podnik\u016f, ale tak\u00e9 aktivn\u00edm hlasem v oblasti vzd\u011bl\u00e1v\u00e1n\u00ed, konkurenceschopnosti a transparentnosti. Z\u00e1rove\u0148 posilujeme na\u0161i komunikaci sm\u011brem k ve\u0159ejnosti i \u010dlensk\u00e9 z\u00e1kladn\u011b.\u201c<\/p>","protected":false},"excerpt":{"rendered":"<p>Praha, 17. z\u00e1\u0159\u00ed 2025 \u2013 Na 14. zased\u00e1n\u00ed p\u0159edstavenstva Svazu dopravy \u010cesk\u00e9 republiky, kter\u00e9 se uskute\u010dnilo v prostor\u00e1ch \u010dlena Svazu dopravy Spr\u00e1vy \u017eeleznic v Praze, byla projedn\u00e1na \u0159ada z\u00e1sadn\u00edch t\u00e9mat t\u00fdkaj\u00edc\u00edch se dopravn\u00edho sektoru. Zased\u00e1n\u00ed vedla prezidentka Svazu Romana \u0160auerov\u00e1. Hlavn\u00ed body jedn\u00e1n\u00ed Prezidentka Romana \u0160auerov\u00e1 k v\u00fdsledk\u016fm jedn\u00e1n\u00ed uvedla:\u201eChceme, aby Svaz dopravy byl nejen [&hellip;]<\/p>\n","protected":false},"author":4,"featured_media":0,"comment_status":"closed","ping_status":"open","sticky":false,"template":"","format":"standard","meta":{"footnotes":""},"categories":[1],"tags":[],"class_list":["post-2552","post","type-post","status-publish","format-standard","hentry","category-aktuality"],"_links":{"self":[{"href":"https:\/\/www.svazdopravy.cz\/en\/wp-json\/wp\/v2\/posts\/2552","targetHints":{"allow":["GET"]}}],"collection":[{"href":"https:\/\/www.svazdopravy.cz\/en\/wp-json\/wp\/v2\/posts"}],"about":[{"href":"https:\/\/www.svazdopravy.cz\/en\/wp-json\/wp\/v2\/types\/post"}],"author":[{"embeddable":true,"href":"https:\/\/www.svazdopravy.cz\/en\/wp-json\/wp\/v2\/users\/4"}],"replies":[{"embeddable":true,"href":"https:\/\/www.svazdopravy.cz\/en\/wp-json\/wp\/v2\/comments?post=2552"}],"version-history":[{"count":2,"href":"https:\/\/www.svazdopravy.cz\/en\/wp-json\/wp\/v2\/posts\/2552\/revisions"}],"predecessor-version":[{"id":2555,"href":"https:\/\/www.svazdopravy.cz\/en\/wp-json\/wp\/v2\/posts\/2552\/revisions\/2555"}],"wp:attachment":[{"href":"https:\/\/www.svazdopravy.cz\/en\/wp-json\/wp\/v2\/media?parent=2552"}],"wp:term":[{"taxonomy":"category","embeddable":true,"href":"https:\/\/www.svazdopravy.cz\/en\/wp-json\/wp\/v2\/categories?post=2552"},{"taxonomy":"post_tag","embeddable":true,"href":"https:\/\/www.svazdopravy.cz\/en\/wp-json\/wp\/v2\/tags?post=2552"}],"curies":[{"name":"wp","href":"https:\/\/api.w.org\/{rel}","templated":true}]}}