{"id":2532,"date":"2025-08-26T14:40:24","date_gmt":"2025-08-26T12:40:24","guid":{"rendered":"https:\/\/www.svazdopravy.cz\/?p=2532"},"modified":"2025-08-26T14:40:24","modified_gmt":"2025-08-26T12:40:24","slug":"tiskova-zprava","status":"publish","type":"post","link":"https:\/\/www.svazdopravy.cz\/en\/2025\/08\/26\/tiskova-zprava\/","title":{"rendered":"TISKOV\u00c1 ZPR\u00c1VA"},"content":{"rendered":"<figure class=\"wp-block-image size-full is-resized\"><img fetchpriority=\"high\" decoding=\"async\" width=\"360\" height=\"221\" src=\"https:\/\/www.svazdopravy.cz\/wp-content\/uploads\/2025\/08\/image.png\" alt=\"\" class=\"wp-image-2533\" style=\"width:351px;height:auto\" srcset=\"https:\/\/www.svazdopravy.cz\/wp-content\/uploads\/2025\/08\/image.png 360w, https:\/\/www.svazdopravy.cz\/wp-content\/uploads\/2025\/08\/image-300x184.png 300w, https:\/\/www.svazdopravy.cz\/wp-content\/uploads\/2025\/08\/image-18x12.png 18w, https:\/\/www.svazdopravy.cz\/wp-content\/uploads\/2025\/08\/image-24x15.png 24w\" sizes=\"(max-width: 360px) 100vw, 360px\" \/><\/figure>\n\n\n\n<p><\/p>\n\n\n\n<p><strong>Svaz dopravy: Elektromobilita ano, ale s rozumem. Povinn\u00e9 zav\u00e1d\u011bn\u00ed BEV je v mnoha segmentech nere\u00e1ln\u00e9<\/strong><\/p>\n\n\n\n<p><strong>Praha, 26. srpna 2025<\/strong> \u2013 Svaz dopravy podporuje c\u00edle dekarbonizace dopravy a vyu\u017e\u00edv\u00e1n\u00ed bezemisn\u00edch vozidel tam, kde to d\u00e1v\u00e1 technick\u00fd a ekonomick\u00fd smysl. Z\u00e1rove\u0148 v\u0161ak upozor\u0148uje, \u017ee n\u00e1vrh Evropsk\u00e9 komise (EK) na povinn\u00e9 plo\u0161n\u00e9 zav\u00e1d\u011bn\u00ed bateriov\u00fdch elektromobil\u016f (BEV) do firemn\u00edch flotil nereflektuje provozn\u00ed realitu \u0159ady segment\u016f dopravy a m\u016f\u017ee m\u00edt negativn\u00ed dopady na konkurenceschopnost evropsk\u00fdch dopravc\u016f.<\/p>\n\n\n\n<p><strong>Zku\u0161enosti z provozu: BEV maj\u00ed sv\u00e9 m\u00edsto, ale i z\u00e1sadn\u00ed limity<\/strong><\/p>\n\n\n\n<p>Svaz dopravy ve sv\u00e9m stanovisku ke konzultaci EK (Iniciativa \u010d. 149_25) upozor\u0148uje na rozd\u00edln\u00e9 mo\u017enosti vyu\u017eit\u00ed elektromobility v r\u016fzn\u00fdch oblastech dopravy:<\/p>\n\n\n\n<ul class=\"wp-block-list\">\n<li><strong>M\u011bstsk\u00e1 a p\u0159\u00edm\u011bstsk\u00e1 doprava:<\/strong> Elektrick\u00e9 autobusy jsou ji\u017e dnes pln\u011b konkurenceschopn\u00e9 \u2013 vykazuj\u00ed ni\u017e\u0161\u00ed n\u00e1klady na provoz i servis, vysokou spolehlivost a v\u00fdznamn\u00e9 environment\u00e1ln\u00ed a spole\u010densk\u00e9 p\u0159\u00ednosy.<\/li>\n\n\n\n<li><strong>Silni\u010dn\u00ed \u00fadr\u017eba (II. a III. t\u0159\u00eddy):<\/strong> BEV se osv\u011bd\u010duj\u00ed p\u0159i lehk\u00fdch \u00fakonech (nap\u0159. zamet\u00e1n\u00ed, monitoring), ale pro t\u011b\u017ek\u00e9 pr\u00e1ce (zimn\u00ed pluhov\u00e1n\u00ed, p\u0159eprava materi\u00e1lu) jsou aktu\u00e1ln\u011b nevhodn\u00e9 kv\u016fli omezen\u00e9mu dojezdu, v\u00fdkonu a absenci infrastruktury.<\/li>\n\n\n\n<li><strong>Leti\u0161t\u011b a \u017eeleznice:<\/strong> U referentsk\u00fdch vozidel je bezemisn\u00ed provoz podporov\u00e1n, ale u t\u011b\u017ek\u00e9 a speci\u00e1ln\u00ed techniky dosud neexistuj\u00ed odpov\u00eddaj\u00edc\u00ed alternativy.<\/li>\n\n\n\n<li><strong>N\u00e1kladn\u00ed doprava a servisn\u00ed vozidla:<\/strong> V t\u011bchto segmentech jsou sou\u010dasn\u00e9 technick\u00e9 parametry BEV nedostate\u010dn\u00e9. Chyb\u00ed modely s pot\u0159ebn\u00fdm dojezdem, nosnost\u00ed a flexibilitou. V\u00fdznamnou p\u0159ek\u00e1\u017ekou je i st\u00e1le omezen\u00e1 nab\u00eddka elektrick\u00fdch u\u017eitkov\u00fdch voz\u016f na trhu.<\/li>\n<\/ul>\n\n\n\n<p><strong>Ekonomick\u00e1 realita: Povinnost po\u0159izovat BEV by po\u0161kodila podnikatele<\/strong><\/p>\n\n\n\n<p>Svaz dopravy z\u00e1sadn\u011b nesouhlas\u00ed s plo\u0161n\u00fdm na\u0159\u00edzen\u00edm na povinn\u00e9 zav\u00e1d\u011bn\u00ed BEV do firemn\u00edch flotil:<\/p>\n\n\n\n<ul class=\"wp-block-list\">\n<li><strong>Vysok\u00e9 investi\u010dn\u00ed n\u00e1klady:<\/strong> Po\u0159izovac\u00ed cena BEV je n\u00e1sobn\u011b vy\u0161\u0161\u00ed ne\u017e u spalovac\u00edch vozidel. Pro mal\u00e9 dopravce a podnikatele by to mohlo znamenat existen\u010dn\u00ed hrozbu.<\/li>\n\n\n\n<li><strong>Neprovozovatelnost v mnoha p\u0159\u00edpadech:<\/strong> U\u017e\u00edv\u00e1n\u00ed BEV nen\u00ed v n\u011bkter\u00fdch oblastech technicky provediteln\u00e9 \u2013 a\u0165 u\u017e kv\u016fli n\u00e1rok\u016fm na v\u00fdkon, geografick\u00fdm podm\u00ednk\u00e1m, nebo absenci infrastruktury.<\/li>\n\n\n\n<li><strong>Nerovn\u00e9 konkuren\u010dn\u00ed podm\u00ednky:<\/strong> Dopravci ze t\u0159et\u00edch zem\u00ed by mohli nad\u00e1le vyu\u017e\u00edvat konven\u010dn\u00ed techniku bez regulace, \u010d\u00edm\u017e by z\u00edskali nef\u00e9rovou v\u00fdhodu oproti evropsk\u00fdm subjekt\u016fm.<\/li>\n<\/ul>\n\n\n\n<p><strong>Stanovisko Svazu dopravy \u2013 co navrhujeme:<\/strong><\/p>\n\n\n\n<ol start=\"1\" class=\"wp-block-list\">\n<li><strong>Technologickou neutralitu:<\/strong> EU by m\u011bla podporovat v\u00edce cest k bezemisn\u00ed mobilit\u011b \u2013 vedle BEV i LNG, CNG, vod\u00edk, HVO a dal\u0161\u00ed syntetick\u00e1 paliva.<\/li>\n\n\n\n<li><strong>Postupn\u00fd p\u0159\u00edstup:<\/strong> Elektromobilita m\u00e1 smysl tam, kde je dnes technicky zvl\u00e1dnuteln\u00e1 a ekonomicky v\u00fdhodn\u00e1 \u2013 typicky v m\u011bstsk\u00e9 doprav\u011b, na leti\u0161t\u00edch, u lehk\u00fdch u\u017eitkov\u00fdch vozidel.<\/li>\n\n\n\n<li><strong>Respekt k provozn\u00ed realit\u011b:<\/strong> Zav\u00e1d\u011bn\u00ed BEV do n\u00e1kladn\u00ed dopravy, t\u011b\u017ek\u00e9 techniky \u010di silni\u010dn\u00ed \u00fadr\u017eby mus\u00ed vych\u00e1zet z re\u00e1ln\u00fdch mo\u017enost\u00ed.<\/li>\n\n\n\n<li><strong>Podpora infrastruktury:<\/strong> Bez robustn\u00ed dob\u00edjec\u00ed s\u00edt\u011b nelze elektromobilitu efektivn\u011b rozv\u00edjet.<\/li>\n\n\n\n<li><strong>Zaji\u0161t\u011bn\u00ed f\u00e9rov\u00e9 sout\u011b\u017ee:<\/strong> EU mus\u00ed chr\u00e1nit sv\u00e9 podnikatele p\u0159ed nerovn\u00fdmi podm\u00ednkami v\u016f\u010di konkurenci ze zem\u00ed mimo EU.<\/li>\n<\/ol>\n\n\n\n<p>Svaz dopravy podporuje snahu o ekologizaci dopravy, ale odm\u00edt\u00e1 zjednodu\u0161en\u00fd p\u0159\u00edstup zalo\u017een\u00fd na jednom technologick\u00e9m \u0159e\u0161en\u00ed. Dekarbonizace evropsk\u00e9 dopravy mus\u00ed b\u00fdt provediteln\u00e1, ekonomicky udr\u017eiteln\u00e1 a spravedliv\u00e1 pro v\u0161echny hr\u00e1\u010de na trhu. Prosazujeme technologickou otev\u0159enost, flexibilitu a postupn\u00e9 zav\u00e1d\u011bn\u00ed bezemisn\u00edch vozidel tam, kde je to re\u00e1ln\u011b mo\u017en\u00e9.<\/p>","protected":false},"excerpt":{"rendered":"<p>Svaz dopravy: Elektromobilita ano, ale s rozumem. Povinn\u00e9 zav\u00e1d\u011bn\u00ed BEV je v mnoha segmentech nere\u00e1ln\u00e9 Praha, 26. srpna 2025 \u2013 Svaz dopravy podporuje c\u00edle dekarbonizace dopravy a vyu\u017e\u00edv\u00e1n\u00ed bezemisn\u00edch vozidel tam, kde to d\u00e1v\u00e1 technick\u00fd a ekonomick\u00fd smysl. Z\u00e1rove\u0148 v\u0161ak upozor\u0148uje, \u017ee n\u00e1vrh Evropsk\u00e9 komise (EK) na povinn\u00e9 plo\u0161n\u00e9 zav\u00e1d\u011bn\u00ed bateriov\u00fdch elektromobil\u016f (BEV) do firemn\u00edch [&hellip;]<\/p>\n","protected":false},"author":4,"featured_media":0,"comment_status":"closed","ping_status":"open","sticky":false,"template":"","format":"standard","meta":{"footnotes":""},"categories":[1],"tags":[],"class_list":["post-2532","post","type-post","status-publish","format-standard","hentry","category-aktuality"],"_links":{"self":[{"href":"https:\/\/www.svazdopravy.cz\/en\/wp-json\/wp\/v2\/posts\/2532","targetHints":{"allow":["GET"]}}],"collection":[{"href":"https:\/\/www.svazdopravy.cz\/en\/wp-json\/wp\/v2\/posts"}],"about":[{"href":"https:\/\/www.svazdopravy.cz\/en\/wp-json\/wp\/v2\/types\/post"}],"author":[{"embeddable":true,"href":"https:\/\/www.svazdopravy.cz\/en\/wp-json\/wp\/v2\/users\/4"}],"replies":[{"embeddable":true,"href":"https:\/\/www.svazdopravy.cz\/en\/wp-json\/wp\/v2\/comments?post=2532"}],"version-history":[{"count":1,"href":"https:\/\/www.svazdopravy.cz\/en\/wp-json\/wp\/v2\/posts\/2532\/revisions"}],"predecessor-version":[{"id":2534,"href":"https:\/\/www.svazdopravy.cz\/en\/wp-json\/wp\/v2\/posts\/2532\/revisions\/2534"}],"wp:attachment":[{"href":"https:\/\/www.svazdopravy.cz\/en\/wp-json\/wp\/v2\/media?parent=2532"}],"wp:term":[{"taxonomy":"category","embeddable":true,"href":"https:\/\/www.svazdopravy.cz\/en\/wp-json\/wp\/v2\/categories?post=2532"},{"taxonomy":"post_tag","embeddable":true,"href":"https:\/\/www.svazdopravy.cz\/en\/wp-json\/wp\/v2\/tags?post=2532"}],"curies":[{"name":"wp","href":"https:\/\/api.w.org\/{rel}","templated":true}]}}