{"id":2353,"date":"2024-12-20T14:40:26","date_gmt":"2024-12-20T13:40:26","guid":{"rendered":"https:\/\/www.svazdopravy.cz\/?p=2353"},"modified":"2024-12-20T14:40:26","modified_gmt":"2024-12-20T13:40:26","slug":"podpis-kolektivni-smlouvy-vyssiho-stupne-mezi-svazem-dopravy-a-odborovym-svazem-pracovniku-dopravy-silnicniho-hospodarstvi-a-autoopravarenstvi-cech-a-moravy","status":"publish","type":"post","link":"https:\/\/www.svazdopravy.cz\/en\/2024\/12\/20\/podpis-kolektivni-smlouvy-vyssiho-stupne-mezi-svazem-dopravy-a-odborovym-svazem-pracovniku-dopravy-silnicniho-hospodarstvi-a-autoopravarenstvi-cech-a-moravy\/","title":{"rendered":"Podpis kolektivn\u00ed smlouvy vy\u0161\u0161\u00edho stupn\u011b mezi Svazem dopravy a Odborov\u00fdm svazem pracovn\u00edk\u016f dopravy, silni\u010dn\u00edho hospod\u00e1\u0159stv\u00ed a autooprav\u00e1renstv\u00ed \u010cech a Moravy"},"content":{"rendered":"<p>B\u011bhem m\u011bs\u00edce prosince 2024 do\u0161lo k podpisu kolektivn\u00ed smlouvy vy\u0161\u0161\u00edho stupn\u011b mezi Svazem dopravy \u010cR a Odborov\u00fdm svazem pracovn\u00edk\u016f dopravy, silni\u010dn\u00edho hospod\u00e1\u0159stv\u00ed a autooprav\u00e1renstv\u00ed \u010cech a Moravy na rok 2025.<\/p>\n\n\n<div class=\"wp-block-image\">\n<figure class=\"aligncenter is-resized\"><img fetchpriority=\"high\" decoding=\"async\" width=\"240\" height=\"320\" src=\"https:\/\/www.svazdopravy.cz\/wp-content\/uploads\/2024\/12\/IMG_8370-rotated.jpg\" alt=\"\" class=\"wp-image-2354\" style=\"width:268px;height:auto\" srcset=\"https:\/\/www.svazdopravy.cz\/wp-content\/uploads\/2024\/12\/IMG_8370-rotated.jpg 240w, https:\/\/www.svazdopravy.cz\/wp-content\/uploads\/2024\/12\/IMG_8370-225x300.jpg 225w, https:\/\/www.svazdopravy.cz\/wp-content\/uploads\/2024\/12\/IMG_8370-9x12.jpg 9w, https:\/\/www.svazdopravy.cz\/wp-content\/uploads\/2024\/12\/IMG_8370-18x24.jpg 18w\" sizes=\"(max-width: 240px) 100vw, 240px\" \/><\/figure>\n<\/div>\n\n\n<p><\/p>","protected":false},"excerpt":{"rendered":"<p>B\u011bhem m\u011bs\u00edce prosince 2024 do\u0161lo k podpisu kolektivn\u00ed smlouvy vy\u0161\u0161\u00edho stupn\u011b mezi Svazem dopravy \u010cR a Odborov\u00fdm svazem pracovn\u00edk\u016f dopravy, silni\u010dn\u00edho hospod\u00e1\u0159stv\u00ed a autooprav\u00e1renstv\u00ed \u010cech a Moravy na rok 2025.<\/p>","protected":false},"author":4,"featured_media":0,"comment_status":"closed","ping_status":"open","sticky":false,"template":"","format":"standard","meta":{"footnotes":""},"categories":[1],"tags":[],"class_list":["post-2353","post","type-post","status-publish","format-standard","hentry","category-aktuality"],"_links":{"self":[{"href":"https:\/\/www.svazdopravy.cz\/en\/wp-json\/wp\/v2\/posts\/2353","targetHints":{"allow":["GET"]}}],"collection":[{"href":"https:\/\/www.svazdopravy.cz\/en\/wp-json\/wp\/v2\/posts"}],"about":[{"href":"https:\/\/www.svazdopravy.cz\/en\/wp-json\/wp\/v2\/types\/post"}],"author":[{"embeddable":true,"href":"https:\/\/www.svazdopravy.cz\/en\/wp-json\/wp\/v2\/users\/4"}],"replies":[{"embeddable":true,"href":"https:\/\/www.svazdopravy.cz\/en\/wp-json\/wp\/v2\/comments?post=2353"}],"version-history":[{"count":1,"href":"https:\/\/www.svazdopravy.cz\/en\/wp-json\/wp\/v2\/posts\/2353\/revisions"}],"predecessor-version":[{"id":2355,"href":"https:\/\/www.svazdopravy.cz\/en\/wp-json\/wp\/v2\/posts\/2353\/revisions\/2355"}],"wp:attachment":[{"href":"https:\/\/www.svazdopravy.cz\/en\/wp-json\/wp\/v2\/media?parent=2353"}],"wp:term":[{"taxonomy":"category","embeddable":true,"href":"https:\/\/www.svazdopravy.cz\/en\/wp-json\/wp\/v2\/categories?post=2353"},{"taxonomy":"post_tag","embeddable":true,"href":"https:\/\/www.svazdopravy.cz\/en\/wp-json\/wp\/v2\/tags?post=2353"}],"curies":[{"name":"wp","href":"https:\/\/api.w.org\/{rel}","templated":true}]}}