{"id":2341,"date":"2024-11-15T10:58:17","date_gmt":"2024-11-15T09:58:17","guid":{"rendered":"https:\/\/www.svazdopravy.cz\/?p=2341"},"modified":"2024-11-15T10:58:17","modified_gmt":"2024-11-15T09:58:17","slug":"poslanecka-snemovna-parlamentu-ceske-republiky-schvalila-snizeni-duchodoveho-veku-pouze-pro-4-kategorii-praci","status":"publish","type":"post","link":"https:\/\/www.svazdopravy.cz\/en\/2024\/11\/15\/poslanecka-snemovna-parlamentu-ceske-republiky-schvalila-snizeni-duchodoveho-veku-pouze-pro-4-kategorii-praci\/","title":{"rendered":"Poslaneck\u00e1 sn\u011bmovna Parlamentu \u010cesk\u00e9 republiky schv\u00e1lila sn\u00ed\u017een\u00ed d\u016fchodov\u00e9ho v\u011bku pouze pro 4. kategorii prac\u00ed"},"content":{"rendered":"<p>Svaz pr\u016fmyslu a dopravy \u010cR: &#8222;Poslaneck\u00e1 sn\u011bmovna Parlamentu \u010cesk\u00e9 republiky <strong>hlasovala o pozm\u011b\u0148ovac\u00edm n\u00e1vrhu vl\u00e1dn\u00ed novely z\u00e1kona \u010d. 155\/1995 Sb., o d\u016fchodov\u00e9m poji\u0161t\u011bn\u00ed.<\/strong><\/p>\n\n\n\n<p><strong>Poda\u0159ilo se prosadit i n\u00e1mi podporovan\u00fd n\u00e1vrh<\/strong> p\u0159edlo\u017een\u00fd poslanci Bendou a Jakobem, kter\u00fd navrhoval <strong>sn\u00ed\u017een\u00ed v\u011bku odchodu do d\u016fchodu v\u00fdhradn\u011b pro zam\u011bstnance pracuj\u00edc\u00ed v tzv. 4. kategorii prac\u00ed.<\/strong><\/p>\n\n\n\n<p>Rozhodnut\u00ed v\u00edt\u00e1me. Ji\u017e d\u0159\u00edve jsme varovali, \u017ee za\u0159azen\u00ed pracovn\u00edk\u016f 3. kategorie rizikov\u00fdch profes\u00ed m\u016f\u017ee v\u00e1\u017en\u011b naru\u0161it stabilitu \u010desk\u00e9ho trhu pr\u00e1ce, zejm\u00e9na v regionech s vysokou koncentrac\u00ed t\u011b\u017ek\u00fdch profes\u00ed, kde by odliv t\u011bchto pracovn\u00edk\u016f m\u011bl v\u00e1\u017en\u00e9 dopady na zam\u011bstnavatele a mohl ohrozit konkurenceschopnost firem. Proto jsme opakovan\u011b po\u017eadovali, aby tato kategorie byla vynech\u00e1na.<\/p>\n\n\n\n<p>V\u00fdsledek dne\u0161n\u00edho hlasov\u00e1n\u00ed vn\u00edm\u00e1me jako racion\u00e1ln\u00ed \u0159e\u0161en\u00ed, kter\u00e9 respektuje fyzickou n\u00e1ro\u010dnost a rizikovost pr\u00e1ce zam\u011bstnanc\u016f ve 4. kategorii, eliminuje rizika spojen\u00e1 s v\u00fdb\u011brem ur\u010dit\u00fdch rizik ve 3. kategorii prac\u00ed a reflektuje v\u00fdvoj na trhu pr\u00e1ce a pot\u0159eby firem.<\/p>\n\n\n\n<p>N\u00e1\u0161 hlas byl zase sly\u0161et. D\u011bkujeme v\u00e1m za podporu a spolupr\u00e1ci p\u0159i prosazov\u00e1n\u00ed d\u016fle\u017eit\u00fdch zm\u011bn pro \u010desk\u00fd byznys. I nad\u00e1le budeme obhajovat z\u00e1jmy zam\u011bstnavatel\u016f a podporovat udr\u017eiteln\u00e9 a racion\u00e1ln\u00ed \u0159e\u0161en\u00ed pro konkurenceschopn\u00e9 \u010cesko.&#8220;<\/p>","protected":false},"excerpt":{"rendered":"<p>Svaz pr\u016fmyslu a dopravy \u010cR: &#8222;Poslaneck\u00e1 sn\u011bmovna Parlamentu \u010cesk\u00e9 republiky hlasovala o pozm\u011b\u0148ovac\u00edm n\u00e1vrhu vl\u00e1dn\u00ed novely z\u00e1kona \u010d. 155\/1995 Sb., o d\u016fchodov\u00e9m poji\u0161t\u011bn\u00ed. Poda\u0159ilo se prosadit i n\u00e1mi podporovan\u00fd n\u00e1vrh p\u0159edlo\u017een\u00fd poslanci Bendou a Jakobem, kter\u00fd navrhoval sn\u00ed\u017een\u00ed v\u011bku odchodu do d\u016fchodu v\u00fdhradn\u011b pro zam\u011bstnance pracuj\u00edc\u00ed v tzv. 4. kategorii prac\u00ed. Rozhodnut\u00ed v\u00edt\u00e1me. Ji\u017e d\u0159\u00edve [&hellip;]<\/p>\n","protected":false},"author":4,"featured_media":0,"comment_status":"closed","ping_status":"open","sticky":false,"template":"","format":"standard","meta":{"footnotes":""},"categories":[1],"tags":[],"class_list":["post-2341","post","type-post","status-publish","format-standard","hentry","category-aktuality"],"_links":{"self":[{"href":"https:\/\/www.svazdopravy.cz\/en\/wp-json\/wp\/v2\/posts\/2341","targetHints":{"allow":["GET"]}}],"collection":[{"href":"https:\/\/www.svazdopravy.cz\/en\/wp-json\/wp\/v2\/posts"}],"about":[{"href":"https:\/\/www.svazdopravy.cz\/en\/wp-json\/wp\/v2\/types\/post"}],"author":[{"embeddable":true,"href":"https:\/\/www.svazdopravy.cz\/en\/wp-json\/wp\/v2\/users\/4"}],"replies":[{"embeddable":true,"href":"https:\/\/www.svazdopravy.cz\/en\/wp-json\/wp\/v2\/comments?post=2341"}],"version-history":[{"count":1,"href":"https:\/\/www.svazdopravy.cz\/en\/wp-json\/wp\/v2\/posts\/2341\/revisions"}],"predecessor-version":[{"id":2342,"href":"https:\/\/www.svazdopravy.cz\/en\/wp-json\/wp\/v2\/posts\/2341\/revisions\/2342"}],"wp:attachment":[{"href":"https:\/\/www.svazdopravy.cz\/en\/wp-json\/wp\/v2\/media?parent=2341"}],"wp:term":[{"taxonomy":"category","embeddable":true,"href":"https:\/\/www.svazdopravy.cz\/en\/wp-json\/wp\/v2\/categories?post=2341"},{"taxonomy":"post_tag","embeddable":true,"href":"https:\/\/www.svazdopravy.cz\/en\/wp-json\/wp\/v2\/tags?post=2341"}],"curies":[{"name":"wp","href":"https:\/\/api.w.org\/{rel}","templated":true}]}}