{"id":2309,"date":"2024-08-01T17:34:38","date_gmt":"2024-08-01T15:34:38","guid":{"rendered":"https:\/\/www.svazdopravy.cz\/?p=2309"},"modified":"2024-08-01T17:34:38","modified_gmt":"2024-08-01T15:34:38","slug":"den-otevrenych-dveri-muzea-tt-modelu-v-chocni","status":"publish","type":"post","link":"https:\/\/www.svazdopravy.cz\/en\/2024\/08\/01\/den-otevrenych-dveri-muzea-tt-modelu-v-chocni\/","title":{"rendered":"Den otev\u0159en\u00fdch dve\u0159\u00ed Muzea TT model\u016f v Chocni"},"content":{"rendered":"<figure class=\"wp-block-image size-large\"><img fetchpriority=\"high\" decoding=\"async\" width=\"1024\" height=\"461\" src=\"https:\/\/www.svazdopravy.cz\/wp-content\/uploads\/2024\/08\/IMG_20240720_095143-1024x461.jpg\" alt=\"\" class=\"wp-image-2313\" srcset=\"https:\/\/www.svazdopravy.cz\/wp-content\/uploads\/2024\/08\/IMG_20240720_095143-1024x461.jpg 1024w, https:\/\/www.svazdopravy.cz\/wp-content\/uploads\/2024\/08\/IMG_20240720_095143-300x135.jpg 300w, https:\/\/www.svazdopravy.cz\/wp-content\/uploads\/2024\/08\/IMG_20240720_095143-768x346.jpg 768w, https:\/\/www.svazdopravy.cz\/wp-content\/uploads\/2024\/08\/IMG_20240720_095143-18x8.jpg 18w, https:\/\/www.svazdopravy.cz\/wp-content\/uploads\/2024\/08\/IMG_20240720_095143.jpg 1066w\" sizes=\"(max-width: 1024px) 100vw, 1024px\" \/><\/figure>\n\n\n\n<p>V\u00a0r\u00e1mci spolupr\u00e1ce s\u00a0Muzeem TT model\u016f v\u00a0Chocni si V\u00e1s dovolujeme pozvat na Den otev\u0159en\u00fdch dve\u0159\u00ed, kter\u00fd se uskute\u010dn\u00ed v sobotu 10.8.2024, podrobnosti viz. obr\u00e1zek n\u00ed\u017ee.<\/p>\n\n\n\n<figure class=\"wp-block-image size-large\"><img decoding=\"async\" width=\"1024\" height=\"724\" src=\"https:\/\/www.svazdopravy.cz\/wp-content\/uploads\/2024\/08\/Den-otevrenych-dveri-Muzeum-TT-Chocen-1-1024x724.png\" alt=\"\" class=\"wp-image-2311\" srcset=\"https:\/\/www.svazdopravy.cz\/wp-content\/uploads\/2024\/08\/Den-otevrenych-dveri-Muzeum-TT-Chocen-1-1024x724.png 1024w, https:\/\/www.svazdopravy.cz\/wp-content\/uploads\/2024\/08\/Den-otevrenych-dveri-Muzeum-TT-Chocen-1-300x212.png 300w, https:\/\/www.svazdopravy.cz\/wp-content\/uploads\/2024\/08\/Den-otevrenych-dveri-Muzeum-TT-Chocen-1-768x543.png 768w, https:\/\/www.svazdopravy.cz\/wp-content\/uploads\/2024\/08\/Den-otevrenych-dveri-Muzeum-TT-Chocen-1-1536x1086.png 1536w, https:\/\/www.svazdopravy.cz\/wp-content\/uploads\/2024\/08\/Den-otevrenych-dveri-Muzeum-TT-Chocen-1-18x12.png 18w, https:\/\/www.svazdopravy.cz\/wp-content\/uploads\/2024\/08\/Den-otevrenych-dveri-Muzeum-TT-Chocen-1.png 1754w\" sizes=\"(max-width: 1024px) 100vw, 1024px\" \/><\/figure>\n\n\n\n<p>Projekt p\u0159edstavuje Muzeum TT model\u016f, jedine\u010dn\u00e9 ve sv\u011btov\u00e9m m\u011b\u0159\u00edtku (velikost TT &#8211; m\u011b\u0159\u00edtko 1:120)\u00a0a krom\u011b historie, kter\u00e1 m\u00e1 p\u0159edev\u0161\u00edm nostalgick\u00fd n\u00e1boj, dokumentuje i technologick\u00fd v\u00fdvoj oboru, kter\u00fd pom\u011brn\u011b v\u011brn\u011b reflektuje pokrok spole\u010dnosti od 2. poloviny 20. stolet\u00ed. D\u016fle\u017eit\u00fdm posl\u00e1n\u00edm je tak\u00e9 z\u00e1bavnou a edukativn\u00ed formou probudit z\u00e1jem o \u017eeleznici a technick\u00e9 obory u d\u011bt\u00ed a mlad\u00fdch lid\u00ed.<\/p>\n\n\n\n<figure class=\"wp-block-image size-large\"><img decoding=\"async\" width=\"1024\" height=\"768\" src=\"https:\/\/www.svazdopravy.cz\/wp-content\/uploads\/2024\/08\/Deti-2-1024x768.jpg\" alt=\"\" class=\"wp-image-2312\" srcset=\"https:\/\/www.svazdopravy.cz\/wp-content\/uploads\/2024\/08\/Deti-2-1024x768.jpg 1024w, https:\/\/www.svazdopravy.cz\/wp-content\/uploads\/2024\/08\/Deti-2-300x225.jpg 300w, https:\/\/www.svazdopravy.cz\/wp-content\/uploads\/2024\/08\/Deti-2-768x576.jpg 768w, https:\/\/www.svazdopravy.cz\/wp-content\/uploads\/2024\/08\/Deti-2-16x12.jpg 16w, https:\/\/www.svazdopravy.cz\/wp-content\/uploads\/2024\/08\/Deti-2.jpg 1296w\" sizes=\"(max-width: 1024px) 100vw, 1024px\" \/><\/figure>\n\n\n\n<figure class=\"wp-block-image size-large\"><img loading=\"lazy\" decoding=\"async\" width=\"1024\" height=\"768\" src=\"https:\/\/www.svazdopravy.cz\/wp-content\/uploads\/2024\/08\/Salonni-vozy-1024x768.jpg\" alt=\"\" class=\"wp-image-2314\" srcset=\"https:\/\/www.svazdopravy.cz\/wp-content\/uploads\/2024\/08\/Salonni-vozy-1024x768.jpg 1024w, https:\/\/www.svazdopravy.cz\/wp-content\/uploads\/2024\/08\/Salonni-vozy-300x225.jpg 300w, https:\/\/www.svazdopravy.cz\/wp-content\/uploads\/2024\/08\/Salonni-vozy-768x576.jpg 768w, https:\/\/www.svazdopravy.cz\/wp-content\/uploads\/2024\/08\/Salonni-vozy-16x12.jpg 16w, https:\/\/www.svazdopravy.cz\/wp-content\/uploads\/2024\/08\/Salonni-vozy.jpg 1296w\" sizes=\"(max-width: 1024px) 100vw, 1024px\" \/><\/figure>\n\n\n<div class=\"wp-block-image\">\n<figure class=\"aligncenter size-large\"><img loading=\"lazy\" decoding=\"async\" width=\"576\" height=\"1024\" src=\"https:\/\/www.svazdopravy.cz\/wp-content\/uploads\/2024\/08\/kout-dioramat-576x1024.jpg\" alt=\"\" class=\"wp-image-2315\" srcset=\"https:\/\/www.svazdopravy.cz\/wp-content\/uploads\/2024\/08\/kout-dioramat-576x1024.jpg 576w, https:\/\/www.svazdopravy.cz\/wp-content\/uploads\/2024\/08\/kout-dioramat-169x300.jpg 169w, https:\/\/www.svazdopravy.cz\/wp-content\/uploads\/2024\/08\/kout-dioramat-768x1365.jpg 768w, https:\/\/www.svazdopravy.cz\/wp-content\/uploads\/2024\/08\/kout-dioramat-864x1536.jpg 864w, https:\/\/www.svazdopravy.cz\/wp-content\/uploads\/2024\/08\/kout-dioramat-7x12.jpg 7w, https:\/\/www.svazdopravy.cz\/wp-content\/uploads\/2024\/08\/kout-dioramat-rotated.jpg 1080w\" sizes=\"(max-width: 576px) 100vw, 576px\" \/><\/figure>\n<\/div>","protected":false},"excerpt":{"rendered":"<p>V\u00a0r\u00e1mci spolupr\u00e1ce s\u00a0Muzeem TT model\u016f v\u00a0Chocni si V\u00e1s dovolujeme pozvat na Den otev\u0159en\u00fdch dve\u0159\u00ed, kter\u00fd se uskute\u010dn\u00ed v sobotu 10.8.2024, podrobnosti viz. obr\u00e1zek n\u00ed\u017ee. Projekt p\u0159edstavuje Muzeum TT model\u016f, jedine\u010dn\u00e9 ve sv\u011btov\u00e9m m\u011b\u0159\u00edtku (velikost TT &#8211; m\u011b\u0159\u00edtko 1:120)\u00a0a krom\u011b historie, kter\u00e1 m\u00e1 p\u0159edev\u0161\u00edm nostalgick\u00fd n\u00e1boj, dokumentuje i technologick\u00fd v\u00fdvoj oboru, kter\u00fd pom\u011brn\u011b v\u011brn\u011b reflektuje pokrok [&hellip;]<\/p>\n","protected":false},"author":4,"featured_media":0,"comment_status":"closed","ping_status":"open","sticky":false,"template":"","format":"standard","meta":{"footnotes":""},"categories":[1],"tags":[],"class_list":["post-2309","post","type-post","status-publish","format-standard","hentry","category-aktuality"],"_links":{"self":[{"href":"https:\/\/www.svazdopravy.cz\/en\/wp-json\/wp\/v2\/posts\/2309","targetHints":{"allow":["GET"]}}],"collection":[{"href":"https:\/\/www.svazdopravy.cz\/en\/wp-json\/wp\/v2\/posts"}],"about":[{"href":"https:\/\/www.svazdopravy.cz\/en\/wp-json\/wp\/v2\/types\/post"}],"author":[{"embeddable":true,"href":"https:\/\/www.svazdopravy.cz\/en\/wp-json\/wp\/v2\/users\/4"}],"replies":[{"embeddable":true,"href":"https:\/\/www.svazdopravy.cz\/en\/wp-json\/wp\/v2\/comments?post=2309"}],"version-history":[{"count":1,"href":"https:\/\/www.svazdopravy.cz\/en\/wp-json\/wp\/v2\/posts\/2309\/revisions"}],"predecessor-version":[{"id":2316,"href":"https:\/\/www.svazdopravy.cz\/en\/wp-json\/wp\/v2\/posts\/2309\/revisions\/2316"}],"wp:attachment":[{"href":"https:\/\/www.svazdopravy.cz\/en\/wp-json\/wp\/v2\/media?parent=2309"}],"wp:term":[{"taxonomy":"category","embeddable":true,"href":"https:\/\/www.svazdopravy.cz\/en\/wp-json\/wp\/v2\/categories?post=2309"},{"taxonomy":"post_tag","embeddable":true,"href":"https:\/\/www.svazdopravy.cz\/en\/wp-json\/wp\/v2\/tags?post=2309"}],"curies":[{"name":"wp","href":"https:\/\/api.w.org\/{rel}","templated":true}]}}