{"id":2277,"date":"2024-06-22T05:50:00","date_gmt":"2024-06-22T03:50:00","guid":{"rendered":"https:\/\/www.svazdopravy.cz\/?p=2277"},"modified":"2024-06-22T01:59:45","modified_gmt":"2024-06-21T23:59:45","slug":"svaz-dopravy-jednim-z-iniciatoru-memoranda-k-ridicum-autobusu-v-ceske-republice","status":"publish","type":"post","link":"https:\/\/www.svazdopravy.cz\/en\/2024\/06\/22\/svaz-dopravy-jednim-z-iniciatoru-memoranda-k-ridicum-autobusu-v-ceske-republice\/","title":{"rendered":"Svaz dopravy jedn\u00edm z\u00a0inici\u00e1tor\u016f memoranda k\u00a0\u0159idi\u010d\u016fm autobus\u016f v\u00a0\u010cesk\u00e9 republice"},"content":{"rendered":"<p><strong>V r\u00e1mci z\u00e1jmu o udr\u017een\u00ed kvalitn\u00ed dopravn\u00ed obslu\u017enosti a zaji\u0161t\u011bn\u00ed stabiln\u00edho fungov\u00e1n\u00ed ve\u0159ejn\u00e9 linkov\u00e9 osobn\u00ed dopravy bylo 30. kv\u011btna 2024 podeps\u00e1no kl\u00ed\u010dov\u00e9 memorandum. Podstatou dokumentu je potvrzen\u00ed nutnosti udr\u017eet st\u00e1vaj\u00edc\u00ed pravidla pro \u010dekac\u00ed doby \u0159idi\u010d\u016f autobus\u016f, jak jsou definov\u00e1na v na\u0159\u00edzen\u00ed Vl\u00e1dy. Za St\u00e1t jej podepsal ministr pr\u00e1ce a soci\u00e1ln\u00edch v\u011bc\u00ed Marian Jure\u010dka a ministr dopravy Martin Kupka. Krom\u011b Svazu Dopravy se pod memorandum podepsala Asociace Kraj\u016f, Svaz pr\u016fmyslu a dopravy, \u010cESMAD Bohemia a Odborov\u00fd Svaz Dopravy.<\/strong><\/p>\n\n\n\n<p>Na\u0159\u00edzen\u00ed, kter\u00e9 upravuje pracovn\u00ed dobu a odpo\u010dinkov\u00e9 periody zam\u011bstnanc\u016f v dopravn\u00edm sektoru m\u00e1 nov\u00e1 pravidla. Od 1. \u010dervence 2024 se p\u0159edpokl\u00e1d\u00e1, \u017ee minim\u00e1ln\u00ed odm\u011bna za \u010dekac\u00ed dobu by m\u011bla dos\u00e1hnout \u010d\u00e1stky 140,60 K\u010d za hodinu.<\/p>\n\n\n\n<p>Mezi signat\u00e1\u0159i memoranda jsou v\u00fdznamn\u00e9 osobnosti a p\u0159edstavitel\u00e9 relevantn\u00edch instituc\u00ed a organizac\u00ed: Ministr pr\u00e1ce a soci\u00e1ln\u00edch v\u011bc\u00ed Marian Jure\u010dka, ministr dopravy Martin Kupka, m\u00edstop\u0159edseda Asociace kraj\u016f \u010cR Martin P\u016fta, p\u0159edseda sekce silni\u010dn\u00ed Svazu dopravy \u010cR Vladim\u00edr Homola a jeho prezident Old\u0159ich Sl\u00e1dek, prezident Svazu pr\u016fmyslu a dopravy \u010cR Jan Rafaj, prezident Sdru\u017een\u00ed \u010cESMAD Bohemia Josef Melzer a p\u0159edseda Odborov\u00e9ho svazu dopravy Lubo\u0161 Pomajb\u00edk. Toto memorandum je v\u00fdsledkem d\u016fkladn\u00fdch jedn\u00e1n\u00ed a vyjad\u0159uje souhlas s metodou vypl\u00e1cen\u00ed odm\u011bn za \u010dekac\u00ed doby \u0159idi\u010d\u016f autobus\u016f, kter\u00e9 jsou mezi spoji.<\/p>\n\n\n\n<p>Ministr dopravy Martin Kupka zd\u016fraznil v\u00fdznam udr\u017een\u00ed dopravn\u00ed obslu\u017enosti region\u00e1ln\u00edmi autobusov\u00fdmi linkami a vyj\u00e1d\u0159il spokojenost s dosa\u017eenou shodou ohledn\u011b odm\u011b\u0148ov\u00e1n\u00ed \u0159idi\u010d\u016f. Ministr pr\u00e1ce a soci\u00e1ln\u00edch v\u011bc\u00ed Marian Jure\u010dka p\u0159ipomn\u011bl, \u017ee novelizovan\u00e9 na\u0159\u00edzen\u00ed vl\u00e1dy pl\u00e1nuje p\u0159edlo\u017eit vl\u00e1d\u011b ji\u017e v \u010dervnu. \u201eMemorandum je d\u016fle\u017eit\u00e9 tak\u00e9 pro n\u00e1s a jeho v\u00e1hu stvrzuj\u00ed instituce, kter\u00e9 se pod n\u011bj podepsaly,\u201c nechal se sly\u0161et Old\u0159ich Sl\u00e1dek ze Svazu Dopravy.<\/p>\n\n\n\n<p>\u201ePro autobusov\u00e9 dopravce je to obrovsk\u00fd posun k jistot\u011b pro jejich zam\u011bstnance. T\u0159eba pan\u00ed \u0159editelka MPSV Rou\u010dkov\u00e1 a jej\u00ed pr\u00e1vn\u00edci s\u00a0n\u00e1mi opakovan\u011b na jedn\u00e1n\u00ed zd\u016fraz\u0148ovali, \u017ee nejstabiln\u011bj\u0161\u00edm institutem pro valorizaci mezd v z\u00e1vazku ve\u0159ejn\u00e9 slu\u017eby autobusovou dopravou je pr\u00e1v\u011b vy\u0161\u0161\u00ed kolektivn\u00ed smlouva, na kterou m\u016f\u017ee z\u00e1kon snadn\u011bji nav\u00e1zat. Z\u00e1vazek kraj\u016f k akceptaci Vy\u0161\u0161\u00ed kolektivn\u00ed smlouvy je obrovsky posun k\u00a0lep\u0161\u00edmu,\u201c \u0159\u00edk\u00e1 p\u0159edseda silni\u010dn\u00ed sekce Svazu Dopravy, Vladim\u00edr Homola.<\/p>\n\n\n\n<p>V r\u00e1mci dohody se strany shoduj\u00ed na zachov\u00e1n\u00ed pravidel \u010dekac\u00edch dob, kter\u00e9 se budou nyn\u00ed odv\u00edjet od koeficientu 1,25n\u00e1sobku minim\u00e1ln\u00ed mzdy, co\u017e znamen\u00e1 zv\u00fd\u0161en\u00ed odm\u011bny za \u010dek\u00e1n\u00ed na ji\u017e zm\u00edn\u011bn\u00fdch 140,60 K\u010d\/hod.<\/p>\n\n\n\n<p>Z\u00e1stupci zam\u011bstnavatel\u016f v silni\u010dn\u00ed doprav\u011b projevili ochotu zohlednit tyto zm\u011bny v syst\u00e9mu odm\u011b\u0148ov\u00e1n\u00ed \u0159idi\u010d\u016f, a kraje p\u0159es Asociaci kraj\u016f \u010cR jsou p\u0159ipraveny reflektovat dopady zm\u011bn na kompenzace dopravc\u016fm v souladu se st\u00e1vaj\u00edc\u00edmi smlouvami a pr\u00e1vn\u00edmi p\u0159edpisy.<\/p>\n\n\n\n<p>Diskutov\u00e1no bylo tak\u00e9 o nastaven\u00ed nejni\u017e\u0161\u00ed mzdy \u0159idi\u010d\u016f autobus\u016f, p\u0159i\u010dem\u017e do\u0161lo k dohod\u011b na spole\u010dn\u00fdch jedn\u00e1n\u00edch o uzav\u0159en\u00ed kolektivn\u00ed smlouvy vy\u0161\u0161\u00edho stupn\u011b pro obdob\u00ed od 1. ledna 2025. Ministerstvo pr\u00e1ce a soci\u00e1ln\u00edch v\u011bc\u00ed je p\u0159ipraveno n\u00e1sledn\u011b tuto smlouvu roz\u0161\u00ed\u0159it i na dal\u0161\u00ed subjekty podle z\u00e1kona o kolektivn\u00edm vyjedn\u00e1v\u00e1n\u00ed.<\/p>\n\n\n\n<p>Novelizace na\u0159\u00edzen\u00ed Vl\u00e1dy se tak st\u00e1v\u00e1 d\u016fle\u017eit\u00fdm krokem k zlep\u0161en\u00ed pracovn\u00edch podm\u00ednek \u0159idi\u010d\u016f autobus\u016f a k zaji\u0161t\u011bn\u00ed efektivn\u00edho provozu ve\u0159ejn\u00e9 dopravy.<\/p>","protected":false},"excerpt":{"rendered":"<p>V r\u00e1mci z\u00e1jmu o udr\u017een\u00ed kvalitn\u00ed dopravn\u00ed obslu\u017enosti a zaji\u0161t\u011bn\u00ed stabiln\u00edho fungov\u00e1n\u00ed ve\u0159ejn\u00e9 linkov\u00e9 osobn\u00ed dopravy bylo 30. kv\u011btna 2024 podeps\u00e1no kl\u00ed\u010dov\u00e9 memorandum. Podstatou dokumentu je potvrzen\u00ed nutnosti udr\u017eet st\u00e1vaj\u00edc\u00ed pravidla pro \u010dekac\u00ed doby \u0159idi\u010d\u016f autobus\u016f, jak jsou definov\u00e1na v na\u0159\u00edzen\u00ed Vl\u00e1dy. Za St\u00e1t jej podepsal ministr pr\u00e1ce a soci\u00e1ln\u00edch v\u011bc\u00ed Marian Jure\u010dka a ministr [&hellip;]<\/p>\n","protected":false},"author":4,"featured_media":0,"comment_status":"closed","ping_status":"open","sticky":false,"template":"","format":"standard","meta":{"footnotes":""},"categories":[1],"tags":[],"class_list":["post-2277","post","type-post","status-publish","format-standard","hentry","category-aktuality"],"_links":{"self":[{"href":"https:\/\/www.svazdopravy.cz\/en\/wp-json\/wp\/v2\/posts\/2277","targetHints":{"allow":["GET"]}}],"collection":[{"href":"https:\/\/www.svazdopravy.cz\/en\/wp-json\/wp\/v2\/posts"}],"about":[{"href":"https:\/\/www.svazdopravy.cz\/en\/wp-json\/wp\/v2\/types\/post"}],"author":[{"embeddable":true,"href":"https:\/\/www.svazdopravy.cz\/en\/wp-json\/wp\/v2\/users\/4"}],"replies":[{"embeddable":true,"href":"https:\/\/www.svazdopravy.cz\/en\/wp-json\/wp\/v2\/comments?post=2277"}],"version-history":[{"count":1,"href":"https:\/\/www.svazdopravy.cz\/en\/wp-json\/wp\/v2\/posts\/2277\/revisions"}],"predecessor-version":[{"id":2278,"href":"https:\/\/www.svazdopravy.cz\/en\/wp-json\/wp\/v2\/posts\/2277\/revisions\/2278"}],"wp:attachment":[{"href":"https:\/\/www.svazdopravy.cz\/en\/wp-json\/wp\/v2\/media?parent=2277"}],"wp:term":[{"taxonomy":"category","embeddable":true,"href":"https:\/\/www.svazdopravy.cz\/en\/wp-json\/wp\/v2\/categories?post=2277"},{"taxonomy":"post_tag","embeddable":true,"href":"https:\/\/www.svazdopravy.cz\/en\/wp-json\/wp\/v2\/tags?post=2277"}],"curies":[{"name":"wp","href":"https:\/\/api.w.org\/{rel}","templated":true}]}}