{"id":2254,"date":"2024-03-26T14:30:00","date_gmt":"2024-03-26T13:30:00","guid":{"rendered":"https:\/\/www.svazdopravy.cz\/?p=2254"},"modified":"2024-03-26T14:25:45","modified_gmt":"2024-03-26T13:25:45","slug":"ministr-kupka-navstivil-snem-svazu-dopravy-cr","status":"publish","type":"post","link":"https:\/\/www.svazdopravy.cz\/en\/2024\/03\/26\/ministr-kupka-navstivil-snem-svazu-dopravy-cr\/","title":{"rendered":"Ministr Kupka nav\u0161t\u00edvil sn\u011bm Svazu dopravy \u010cR"},"content":{"rendered":"<p><strong>Praha, 21. b\u0159ezna 2024 \u2013 Svaz dopravy \u010cesk\u00e9 republiky, zakl\u00e1daj\u00edc\u00ed \u010dlen Svazu pr\u016fmyslu a dopravy, se dnes shrom\u00e1\u017edil na sv\u00e9 valn\u00e9 hromad\u011b v historick\u00fdch prostor\u00e1ch Fantovy budovy na pra\u017esk\u00e9m hlavn\u00edm n\u00e1dra\u017e\u00ed. Tento velk\u00fd den pro dopravn\u00ed sektor zaznamenal v\u00fdznamnou n\u00e1v\u0161t\u011bvu ministra dopravy Martina Kupky, kter\u00fd p\u0159ednesl aktu\u00e1ln\u00ed informace o sm\u011b\u0159ov\u00e1n\u00ed a v\u00fdvoji dopravn\u00ed politiky v republice.<\/strong><br><br>Svaz, kter\u00fd od roku 1989 ne\u00fanavn\u011b h\u00e1j\u00ed z\u00e1jmy sv\u00fdch \u010dlen\u016f a p\u0159isp\u00edv\u00e1 k rozvoji v\u0161ech odv\u011btv\u00ed dopravy v \u010cesku, dnes sdru\u017euje 84 podnikatelsk\u00fdch subjekt\u016f a zast\u0159e\u0161uje p\u0159es 70 tis\u00edc zam\u011bstnanc\u016f. Na valn\u00e9 hromad\u011b byly zd\u016frazn\u011bny \u00fasp\u011bchy, ale i probl\u00e9my v\u00a0cel\u00e9 oblasti dopravy. Svaz se chce nov\u011b v\u00edce soust\u0159edit na t\u0159i kl\u00ed\u010dov\u00e9 oblasti v\u00a0doprav\u011b \u2013 rozvoj infrastruktury, financov\u00e1n\u00ed a ot\u00e1zky rozvoje lidsk\u00fdch zdroj\u016f. Tyto kl\u00ed\u010dov\u00e9 oblasti jsou toti\u017e spole\u010dn\u00e9 v\u0161em dopravn\u00edm m\u00f3d\u016fm.<\/p>\n\n\n\n<p><br>Dne\u0161n\u00ed p\u0159\u00edtomnost a slova pana ministra Kupky potvrzuj\u00ed v\u00fdznamnou roli Svazu dopravy v\u00a0sou\u010dasn\u00e9 turbulentn\u00ed dob\u011b prov\u00e1z\u00e1n\u00ed energetick\u00e9ho trhu s\u00a0dopravn\u00edm, kdy ten prvn\u00ed velmi v\u00fdrazn\u011b deformuje ten druh\u00fd,&#8220; uvedl prezident svazu Old\u0159ich Sl\u00e1dek.<br><br>Sn\u011bm byl sv\u011bdkem spojen\u00ed tradice s akutn\u00edmi po\u017eadavky trhu, ale tak\u00e9 platformou pro diskusi o budoucnosti, kter\u00e1 se neust\u00e1le vyv\u00edj\u00ed a p\u0159in\u00e1\u0161\u00ed nov\u00e9 v\u00fdzvy v dopravn\u00ed infrastruktu\u0159e a logistice.<\/p>\n\n\n\n<p>Svaz dopravy \u010cR znovu stoj\u00ed v \u010dele zm\u011bn, i sebe sam\u00e9ho a jak s\u00e1m, tak i v&nbsp;r\u00e1mci \u010dlenstv\u00ed \u201evelk\u00e9ho\u201c Svazu pr\u016fmyslu a dopravy \u010cR se sna\u017e\u00ed ze v\u0161ech sil pracovat tak, aby \u010cesk\u00e1 republika z\u016fst\u00e1vala konkurenceschopnou k\u0159i\u017eovatkou modern\u00ed Evropy.<\/p>","protected":false},"excerpt":{"rendered":"<p>Praha, 21. b\u0159ezna 2024 \u2013 Svaz dopravy \u010cesk\u00e9 republiky, zakl\u00e1daj\u00edc\u00ed \u010dlen Svazu pr\u016fmyslu a dopravy, se dnes shrom\u00e1\u017edil na sv\u00e9 valn\u00e9 hromad\u011b v historick\u00fdch prostor\u00e1ch Fantovy budovy na pra\u017esk\u00e9m hlavn\u00edm n\u00e1dra\u017e\u00ed. Tento velk\u00fd den pro dopravn\u00ed sektor zaznamenal v\u00fdznamnou n\u00e1v\u0161t\u011bvu ministra dopravy Martina Kupky, kter\u00fd p\u0159ednesl aktu\u00e1ln\u00ed informace o sm\u011b\u0159ov\u00e1n\u00ed a v\u00fdvoji dopravn\u00ed politiky v [&hellip;]<\/p>\n","protected":false},"author":4,"featured_media":0,"comment_status":"closed","ping_status":"open","sticky":false,"template":"","format":"standard","meta":{"footnotes":""},"categories":[1],"tags":[],"class_list":["post-2254","post","type-post","status-publish","format-standard","hentry","category-aktuality"],"_links":{"self":[{"href":"https:\/\/www.svazdopravy.cz\/en\/wp-json\/wp\/v2\/posts\/2254","targetHints":{"allow":["GET"]}}],"collection":[{"href":"https:\/\/www.svazdopravy.cz\/en\/wp-json\/wp\/v2\/posts"}],"about":[{"href":"https:\/\/www.svazdopravy.cz\/en\/wp-json\/wp\/v2\/types\/post"}],"author":[{"embeddable":true,"href":"https:\/\/www.svazdopravy.cz\/en\/wp-json\/wp\/v2\/users\/4"}],"replies":[{"embeddable":true,"href":"https:\/\/www.svazdopravy.cz\/en\/wp-json\/wp\/v2\/comments?post=2254"}],"version-history":[{"count":1,"href":"https:\/\/www.svazdopravy.cz\/en\/wp-json\/wp\/v2\/posts\/2254\/revisions"}],"predecessor-version":[{"id":2255,"href":"https:\/\/www.svazdopravy.cz\/en\/wp-json\/wp\/v2\/posts\/2254\/revisions\/2255"}],"wp:attachment":[{"href":"https:\/\/www.svazdopravy.cz\/en\/wp-json\/wp\/v2\/media?parent=2254"}],"wp:term":[{"taxonomy":"category","embeddable":true,"href":"https:\/\/www.svazdopravy.cz\/en\/wp-json\/wp\/v2\/categories?post=2254"},{"taxonomy":"post_tag","embeddable":true,"href":"https:\/\/www.svazdopravy.cz\/en\/wp-json\/wp\/v2\/tags?post=2254"}],"curies":[{"name":"wp","href":"https:\/\/api.w.org\/{rel}","templated":true}]}}