{"id":2080,"date":"2023-11-03T06:30:00","date_gmt":"2023-11-03T05:30:00","guid":{"rendered":"https:\/\/www.svazdopravy.cz\/?p=2080"},"modified":"2023-11-03T02:12:37","modified_gmt":"2023-11-03T01:12:37","slug":"ceske-firmy-uz-pronikaji-na-ukrajinu","status":"publish","type":"post","link":"https:\/\/www.svazdopravy.cz\/en\/2023\/11\/03\/ceske-firmy-uz-pronikaji-na-ukrajinu\/","title":{"rendered":"\u010cesk\u00e9\u00a0firmy\u00a0u\u017e\u00a0pronikaj\u00ed\u00a0na\u00a0Ukrajinu"},"content":{"rendered":"<p><strong>Firm\u00e1m za\u010daly p\u0159ich\u00e1zet prvn\u00ed objedn\u00e1vky spojen\u00e9 s obnovou Ukrajiny. Bu\u010f obdr\u017eely konkr\u00e9tn\u00ed nab\u00eddky a u\u017e je i realizuj\u00ed, nebo jsou zat\u00edm ve f\u00e1zi p\u0159\u00edprav. Vypl\u00fdv\u00e1 to z nov\u00e9ho \u0161et\u0159en\u00ed mezi \u010dleny Svazu pr\u016fmyslu a dopravy a Hospod\u00e1\u0159sk\u00e9 komory.<\/strong><br><br>Firmy za\u010daly dod\u00e1vat na Ukrajinu hlavn\u011b zdravotnick\u00e9 vybaven\u00ed nebo zem\u011bd\u011blsk\u00e9 stroje. Usiluj\u00ed ale i o kontrakty na obnovu energetick\u00e9, dopravn\u00ed a vodovodn\u00ed infrastruktury, stavebn\u00ed pr\u00e1ce a materi\u00e1l.<br><br><em><strong>\u201eP\u0159ekvapiv\u011b na prvn\u00ed zak\u00e1zky dosahuj\u00ed p\u0159ev\u00e1\u017en\u011b firmy, kter\u00e9 dosud nem\u011bly s dod\u00e1vkami na Ukrajinu \u017e\u00e1dnou zku\u0161enost. P\u0159edpokl\u00e1dali jsme, \u017ee z\u00edsk\u00e1vat zak\u00e1zky se bude da\u0159it hlavn\u011b firm\u00e1m, kter\u00e9 ji\u017e maj\u00ed na Ukrajin\u011b rozvinut\u00e9 obchodn\u00ed vazby, a proto se dob\u0159e orientuj\u00ed v ukrajinsk\u00e9m legislativn\u00edm prost\u0159ed\u00ed a administrativn\u00edch procesech, ale tak\u00e9 v logistice. Takov\u00fdch firem je ale zat\u00edm jen p\u011btina, drtivou v\u011bt\u0161inu tvo\u0159\u00ed nov\u00e1\u010dci na trhu,\u201c<\/strong>&nbsp;<\/em>uvedl prezident Hospod\u00e1\u0159sk\u00e9 komory Zden\u011bk Zaj\u00ed\u010dek.<br><br>Ukrajina oslovuje \u010desk\u00e9 podniky i na z\u00e1klad\u011b seznamu firem, kter\u00fd p\u0159ed rokem z\u00e1stupci \u010desk\u00e9 vl\u00e1dy v \u010dele s premi\u00e9rem Petrem Fialou poskytli Kyjevu b\u011bhem prvn\u00edch \u010desko-ukrajinsk\u00fdch mezivl\u00e1dn\u00edch konzultac\u00ed. Tehdy se o spolupr\u00e1ci na obnov\u011b zem\u011b u Hospod\u00e1\u0159sk\u00e9 komory p\u0159ihl\u00e1silo 103 firem z r\u016fzn\u00fdch odv\u011btv\u00ed, p\u0159edev\u0161\u00edm z oblasti t\u011b\u017eby a zpracov\u00e1n\u00ed nerostn\u00fdch surovin, stroj\u00edrenstv\u00ed, stavebnictv\u00ed a energetiky. Ze \u0161et\u0159en\u00ed vypl\u00fdv\u00e1, \u017ee nab\u00eddky z Ukrajiny obdr\u017eela ka\u017ed\u00e1 \u0161est\u00e1 firma. Ka\u017ed\u00e1 des\u00e1t\u00e1 firma zak\u00e1zky u\u017e i realizuje.<br><br>V\u011bt\u0161ina firem, kter\u00e9 Ukrajin\u011b nab\u00eddly sv\u00e9 produkty a slu\u017eby, tak \u017e\u00e1dn\u00fd obchodn\u00ed vztah zat\u00edm nevytvo\u0159ila. Ze \u0161et\u0159en\u00ed vyplynulo, \u017ee nav\u00e1zat obchodn\u00ed styky \u010desk\u00fdm podnik\u016fm komplikuje mimo jin\u00e9 nedostatek informac\u00ed a problematick\u00e9 z\u00edsk\u00e1v\u00e1n\u00ed st\u00e1tn\u00edch z\u00e1ruk a poji\u0161t\u011bn\u00ed.<br><br><em><strong>\u201eTyto bari\u00e9ry by se p\u0159i v\u011bt\u0161\u00ed spolupr\u00e1ci st\u00e1tu a z\u00e1stupc\u016f firem daly \u00fapln\u011b odstranit. Zejm\u00e9na pro firmy, kter\u00e9 v minulosti na Ukrajin\u011b \u017e\u00e1dn\u00e9 zak\u00e1zky nerealizovaly, bude d\u016fle\u017eit\u00e9, jakou podporu jim st\u00e1t a Exportn\u00ed garan\u010dn\u00ed a poji\u0161\u0165ovac\u00ed spole\u010dnost budou ochotni poskytnout,\u201c<\/strong><\/em>&nbsp;uvedl prezident Svazu pr\u016fmyslu a dopravy Jan Rafaj.<br><br>Svaz pr\u016fmyslu a dopravy a Hospod\u00e1\u0159sk\u00e1 komora proto adresovaly ministerstvu financ\u00ed a resortu pr\u016fmyslu a obchodu po\u017eadavek, aby p\u0159ealokovaly zbyl\u00e9 prost\u0159edky ze z\u00e1chrann\u00e9ho programu Covid Plus do zdroj\u016f poji\u0161\u0165ovny EGAP. Roz\u0161\u00ed\u0159it by se tak mohly poji\u0161\u0165ovac\u00ed kapacity na v\u00fdvoz na Ukrajinu. Ministr financ\u00ed v reakci p\u0159isl\u00edbil, \u017ee v bl\u00edzk\u00e9 dob\u011b po vyhodnocen\u00ed \u00fasp\u011b\u0161nosti a n\u00e1vratnosti finan\u010dn\u00edch prost\u0159edk\u016f vyu\u017eit\u00fdch k poji\u0161t\u011bn\u00ed v\u00fdvozn\u00edch rizik na Ukrajinu zv\u00e1\u017e\u00ed mo\u017enosti pos\u00edlen\u00ed zdroj\u016f EGAP. Z\u00e1rove\u0148 konstatoval, \u017ee po ukon\u010den\u00ed v\u00e1le\u010dn\u00e9ho konfliktu by m\u011blo zaji\u0161t\u011bn\u00ed exportu fungovat ji\u017e za standardn\u00edch podm\u00ednek produkt\u016f nab\u00edzen\u00fdch st\u00e1tn\u00ed poji\u0161\u0165ovnou.<br><br>Jak velk\u00fd pod\u00edl v rekonstrukci Ukrajiny budou v konkurenci jin\u00fdch zem\u00ed nakonec \u010desk\u00e9 podniky sehr\u00e1vat, bude podle podnikatelsk\u00fdch organizac\u00ed ovliv\u0148ovat i kapit\u00e1l, kter\u00fdm dok\u00e1\u017eou zak\u00e1zky ufinancovat.<\/p>\n\n\n\n<figure class=\"wp-block-image\"><img decoding=\"async\" src=\"https:\/\/www.spcr.cz\/images\/Pruzkum_HK_SPCR_Ukrajina_Graf.jpg\" alt=\"Pruzkum HK SPCR Ukrajina Graf\"\/><\/figure>\n\n\n\n<p><em>Zdroj: HK a SP \u010cR, anketa Obnova Ukrajiny, 196 respondent\u016f<\/em><\/p>","protected":false},"excerpt":{"rendered":"<p>Firm\u00e1m za\u010daly p\u0159ich\u00e1zet prvn\u00ed objedn\u00e1vky spojen\u00e9 s obnovou Ukrajiny. Bu\u010f obdr\u017eely konkr\u00e9tn\u00ed nab\u00eddky a u\u017e je i realizuj\u00ed, nebo jsou zat\u00edm ve f\u00e1zi p\u0159\u00edprav. Vypl\u00fdv\u00e1 to z nov\u00e9ho \u0161et\u0159en\u00ed mezi \u010dleny Svazu pr\u016fmyslu a dopravy a Hospod\u00e1\u0159sk\u00e9 komory. Firmy za\u010daly dod\u00e1vat na Ukrajinu hlavn\u011b zdravotnick\u00e9 vybaven\u00ed nebo zem\u011bd\u011blsk\u00e9 stroje. Usiluj\u00ed ale i o kontrakty na [&hellip;]<\/p>\n","protected":false},"author":4,"featured_media":0,"comment_status":"closed","ping_status":"open","sticky":false,"template":"","format":"standard","meta":{"footnotes":""},"categories":[1],"tags":[],"class_list":["post-2080","post","type-post","status-publish","format-standard","hentry","category-aktuality"],"_links":{"self":[{"href":"https:\/\/www.svazdopravy.cz\/en\/wp-json\/wp\/v2\/posts\/2080","targetHints":{"allow":["GET"]}}],"collection":[{"href":"https:\/\/www.svazdopravy.cz\/en\/wp-json\/wp\/v2\/posts"}],"about":[{"href":"https:\/\/www.svazdopravy.cz\/en\/wp-json\/wp\/v2\/types\/post"}],"author":[{"embeddable":true,"href":"https:\/\/www.svazdopravy.cz\/en\/wp-json\/wp\/v2\/users\/4"}],"replies":[{"embeddable":true,"href":"https:\/\/www.svazdopravy.cz\/en\/wp-json\/wp\/v2\/comments?post=2080"}],"version-history":[{"count":1,"href":"https:\/\/www.svazdopravy.cz\/en\/wp-json\/wp\/v2\/posts\/2080\/revisions"}],"predecessor-version":[{"id":2081,"href":"https:\/\/www.svazdopravy.cz\/en\/wp-json\/wp\/v2\/posts\/2080\/revisions\/2081"}],"wp:attachment":[{"href":"https:\/\/www.svazdopravy.cz\/en\/wp-json\/wp\/v2\/media?parent=2080"}],"wp:term":[{"taxonomy":"category","embeddable":true,"href":"https:\/\/www.svazdopravy.cz\/en\/wp-json\/wp\/v2\/categories?post=2080"},{"taxonomy":"post_tag","embeddable":true,"href":"https:\/\/www.svazdopravy.cz\/en\/wp-json\/wp\/v2\/tags?post=2080"}],"curies":[{"name":"wp","href":"https:\/\/api.w.org\/{rel}","templated":true}]}}